{"id":1005866,"date":"2018-03-09T16:25:00","date_gmt":"2018-03-09T16:25:00","guid":{"rendered":""},"modified":"2021-05-19T10:50:38","modified_gmt":"2021-05-19T10:50:38","slug":"raspagem-da-criacao-um-novo-metodo-de-controlo-da-varroa","status":"publish","type":"post","link":"https:\/\/valedorosmaninho.com\/es\/raspagem-da-criacao-um-novo-metodo-de-controlo-da-varroa\/","title":{"rendered":"&#8220;RASPAGEM DA CRIA\u00c7\u00c3O&#8221; um novo m\u00e9todo de controlo da varroa!"},"content":{"rendered":"<div style=\"text-align: justify;\">No final de Fevereiro deste ano estive presente numas Jornadas Ap\u00edcolas em Oviedo nas Ast\u00farias espanholas, organizadas pela Uni\u00e3o de Uni\u00f5es em conjunto com a PROMIEL &#8211; Associa\u00e7\u00e3o de Apicultores Profissionais das Ast\u00farias, onde, aproveito para felicitar a organiza\u00e7\u00e3o, pois foram umas verdadeiras jornadas ap\u00edcolas, de apicultores para apicultores, digamos que um exemplo a seguir, pois o palco foi unicamente dos apicultores, n\u00e3o havendo nada para vender, apenas sim, conhecimento de causa para partilhar&#8230;<\/div>\n<div style=\"text-align: justify;\"><\/div>\n<div style=\"clear: both; text-align: center;\"><a href=\"https:\/\/www.valedorosmaninho.com\/wp-content\/uploads\/2018\/03\/28279401_1633935003326345_1363541237516345228_n.jpg\" style=\"margin-left: 1em; margin-right: 1em;\"><img loading=\"lazy\" decoding=\"async\" border=\"0\" data-original-height=\"720\" data-original-width=\"960\" height=\"300\" src=\"https:\/\/www.valedorosmaninho.com\/wp-content\/uploads\/2018\/03\/28279401_1633935003326345_1363541237516345228_n-300x225.jpg\" width=\"400\" \/><\/a><\/div>\n<div style=\"text-align: justify;\"><\/div>\n<div style=\"text-align: justify;\">Durante estas jornadas, de todos os temas (todos de grande interesse), o que menos esperava, foi o que mais me surpreendeu, a &#8220;RASPAGEM DA CRIA\u00c7\u00c3O&#8221;, &#8220;RASCA LA CRIA&#8221; em Espanha.<\/div>\n<div style=\"text-align: justify;\"><\/div>\n<div style=\"text-align: justify;\">Antes de continuar, quero referir que j\u00e1 tinha visto um video sobre esta t\u00e9cnica e n\u00e3o tinha dado qualquer import\u00e2ncia e inclusive pensado &#8220;h\u00e1 com cada maluco&#8221;! Basicamente n\u00e3o me tinha apercebido do potencial e das especificidades desta t\u00e9cnica.<\/div>\n<div style=\"text-align: justify;\"><\/div>\n<div style=\"text-align: justify;\">Resumindo um pouco esta t\u00e9cnica, a mesma foi iniciada por Randy Oliver em 2014 (<a href=\"http:\/\/scientificbeekeeping.com\/messin-with-varroa-2014\/\" target=\"_blank\" rel=\"noopener\">http:\/\/scientificbeekeeping.com\/messin-with-varroa-2014\/<\/a>), que fez umas experi\u00eancias, contudo n\u00e3o passou apenas de experi\u00eancias, aparentemente sem grande resultados, n\u00e3o tendo havido mais desenvolvimentos sobre este m\u00e9todo.<\/div>\n<div style=\"text-align: justify;\"><\/div>\n<div style=\"text-align: justify;\">Entretanto, no ano seguinte surgiu um grupo de apicultores espanh\u00f3is &#8220;RASCA LA CRIA&#8221; que iniciou este m\u00e9todo, o desenvolveu, estudou e melhorou, tendo sido os resultados surpreendentes.<\/div>\n<div style=\"text-align: justify;\"><\/div>\n<div style=\"text-align: justify;\">Tal como eles o disseram antes de iniciar a sua apresenta\u00e7\u00e3o nestas jornadas, digo o mesmo, para alguns \u00e9 necess\u00e1rio ir ao psic\u00f3logo antes de continuar a ler, pois a t\u00e9cnica pode chocar os mais sens\u00edveis e rom\u00e2nticos, tendo este grupo j\u00e1 sido acusado de serem assassinos de abelhas&#8230; algo que \u00e0 primeira vista o pode parecer, contudo, trata-se de fazer exactamente o contr\u00e1rio, salvar abelhas a partir do sacrif\u00edcio de cria\u00e7\u00e3o que \u00e0 partida j\u00e1 estavam condenada.<\/div>\n<div style=\"text-align: justify;\"><\/div>\n<div style=\"text-align: justify;\">Este m\u00e9todo trata-se nada mais nada menos que raspar toda a cria\u00e7\u00e3o op\u00e9rculada e em vias de opercular (larvas maiores que ir\u00e3o ser op\u00e9rculadas nos dias seguintes), matando a mesma, de forma a expor toda a varroa&nbsp; em estado for\u00e9tico, aumentando a taxa de sucesso dos tratamentos em praticamente 100%.&nbsp;<\/div>\n<div style=\"text-align: justify;\"><\/div>\n<table align=\"center\" cellpadding=\"0\" cellspacing=\"0\" style=\"margin-left: auto; margin-right: auto; text-align: center;\">\n<tbody>\n<tr>\n<td style=\"text-align: center;\"><a href=\"https:\/\/www.valedorosmaninho.com\/wp-content\/uploads\/2018\/03\/fig-0212-600x450-1.png\" style=\"margin-left: auto; margin-right: auto;\"><img loading=\"lazy\" decoding=\"async\" border=\"0\" data-original-height=\"450\" data-original-width=\"600\" height=\"300\" src=\"https:\/\/www.valedorosmaninho.com\/wp-content\/uploads\/2018\/03\/fig-0212-600x450-1-300x225.png\" width=\"400\" \/><\/a><\/td>\n<\/tr>\n<tr>\n<td style=\"text-align: center;\">Foto retirada de&nbsp;http:\/\/scientificbeekeeping.com<\/td>\n<\/tr>\n<\/tbody>\n<\/table>\n<div style=\"text-align: justify;\"><\/div>\n<div style=\"text-align: justify;\"><\/div>\n<div style=\"text-align: justify;\">VER VIDEO:<\/div>\n<div style=\"text-align: justify;\"><a href=\"https:\/\/youtu.be\/8M3FqMLTDGI\" target=\"_blank\" rel=\"noopener\">https:\/\/youtu.be\/8M3FqMLTDGI<\/a><\/div>\n<div style=\"text-align: justify;\"><\/div>\n<div style=\"text-align: justify;\">Simplificando, trata-se de simular a aus\u00eancia de cria\u00e7\u00e3o, algo que pode ocorrer em algumas regi\u00f5es do pa\u00eds em alguns per\u00edodos do ano.<\/div>\n<div style=\"text-align: justify;\"><\/div>\n<div style=\"text-align: justify;\">Apesar de sabermos que esses per\u00edodos existem, como \u00e9 o caso do inverno ou ver\u00e3o, dependendo das regi\u00f5es de Norte a Sul, existem sempre colmeias que t\u00eam cria\u00e7\u00e3o e os tratamentos nunca ir\u00e3o ser totalmente efetivos, vindo a ser estas mesmas colmeias focos de reinfesta\u00e7\u00e3o nos nossos api\u00e1rios, contudo, a m\u00e1 vizinhan\u00e7a acaba por levar com as culpas, quando a origem do problema est\u00e1 nos nossos pr\u00f3prios api\u00e1rios. Colmeias que de forma isolada os tratamentos por algum motivo n\u00e3o funcionaram e nos v\u00e3o causar problemas em todo o api\u00e1rio nos meses seguintes aos tratamentos.<\/div>\n<div style=\"text-align: justify;\"><\/div>\n<div style=\"text-align: justify;\">Ainda recentemente visitei um apicultor que ao fazer uma visita ao seu api\u00e1rio a maioria das suas comeias estava com niveis baixos de varroa e encontramos uma das colmeias (a mais forte de todas), com 20% de infesta\u00e7\u00e3o. Em 300 abelhas havia 60 varroas. Esta colmeia, juntamente com outras, v\u00e3o ser aut\u00eanticos viveiros de varroa neste api\u00e1rio, numa altura critica em que os n\u00edveis deveriam estar baixos.<\/div>\n<div style=\"text-align: justify;\"><\/div>\n<div style=\"clear: both; text-align: center;\"><a href=\"https:\/\/www.valedorosmaninho.com\/wp-content\/uploads\/2018\/03\/IMG-8855.jpg\" style=\"margin-left: 1em; margin-right: 1em;\"><img loading=\"lazy\" decoding=\"async\" border=\"0\" data-original-height=\"1200\" data-original-width=\"1600\" height=\"300\" src=\"https:\/\/www.valedorosmaninho.com\/wp-content\/uploads\/2018\/03\/IMG-8855-300x225.jpg\" width=\"400\" \/><\/a><\/div>\n<div style=\"text-align: justify;\"><\/div>\n<div style=\"text-align: justify;\">Outra das situa\u00e7\u00f5es que ocorre quando nunca existe quebra de cria\u00e7\u00e3o, \u00e9 que nos momentos que esta se reduz, existem n\u00edveis elevados de varroa, pois os tratamentos nunca funcionam a 100%, estando as gera\u00e7\u00f5es seguintes de abelhas condenadas, pois nasceram na sua maioria com presen\u00e7a de varroa e apesar de no Outono, aparentemente estar tudo bem, quando chega o Inverno as colmeias come\u00e7am a morrer, pois temos abelhas debilitadas e doentes.<\/div>\n<div style=\"text-align: justify;\"><\/div>\n<div style=\"clear: both; text-align: center;\"><a href=\"https:\/\/www.valedorosmaninho.com\/wp-content\/uploads\/2018\/03\/mqdefault.jpg\" style=\"margin-left: 1em; margin-right: 1em;\"><img loading=\"lazy\" decoding=\"async\" border=\"0\" data-original-height=\"180\" data-original-width=\"320\" height=\"225\" src=\"https:\/\/www.valedorosmaninho.com\/wp-content\/uploads\/2018\/03\/mqdefault-300x169.jpg\" width=\"400\" \/><\/a><\/div>\n<div style=\"text-align: justify;\"><\/div>\n<div style=\"text-align: justify;\">Este m\u00e9todo, ao ser feito na totalidade das colmeias, vamos equalizar as mesmas ao mesmo n\u00edvel de infesta\u00e7\u00e3o de varroa, e caso o mesmo seja feito de forma concertada por um grupo de apicultores na mesma regi\u00e3o, os n\u00edveis de varroa baixam exponencialmente.<\/div>\n<div style=\"clear: both; text-align: center;\"><\/div>\n<div style=\"text-align: justify;\">N\u00e3o vou descrever este m\u00e9todo, pois ainda n\u00e3o o experimentamos nas nossas colmeias para poder opinar ou falar de forma pormenorizada, contudo apenas dizer que o vamos experimentar no final de Agosto, inicio de Setembro, assim que retirarmos o mel de Castanheiro e melada de carvalho, pois nesta altura temos as colmeias reduzidas no m\u00e1ximo a dois pequenos quadros de cria\u00e7\u00e3o, ou em alguns casos aus\u00eancia total de cria\u00e7\u00e3o, aproveitando a estimula\u00e7\u00e3o de Outono para recuperar as colmeias, com v\u00e1rias gera\u00e7\u00f5es de abelhas livres de varroa.<\/div>\n<div style=\"text-align: justify;\"><\/div>\n<div style=\"text-align: justify;\">Vamos seleccionar um per\u00edodo de quebra de cria\u00e7\u00e3o e inicio de estimula\u00e7\u00e3o pelas primeiras flora\u00e7\u00f5es de final de ver\u00e3o e inicio de Outono, algo que \u00e9 fundamental nesta t\u00e9cnica.<\/div>\n<div style=\"text-align: justify;\"><\/div>\n<div style=\"text-align: justify;\">Para os mais sens\u00edveis e cheios de \u00e9tica, as abelhas que s\u00e3o raspadas e mortas neste per\u00edodo, j\u00e1 estavam condenadas, pois est\u00e3o sob a presen\u00e7a de varroa. Durante este per\u00edodo de redu\u00e7\u00e3o de cria\u00e7\u00e3o nas colmeias, umas vez que tivemos uma fase produtiva h\u00e1 poucas semanas, os niveis de varroa est\u00e3o altos, estando essa mesma cria\u00e7\u00e3o na presen\u00e7a de varroa, sendo \u00e0 partida abelhas j\u00e1 condenadas.<\/div>\n<div style=\"text-align: justify;\"><\/div>\n<div style=\"text-align: justify;\">Tal como disse um dos elementos deste grupo &#8220;RASCA LA CRIA&#8221;, o veterin\u00e1rio ap\u00edcola Carlos Mar\u00edn Barc\u00e1iztegui, um veterin\u00e1rio n\u00e3o duvida em fazer abortar uma vaca para a salvar e neste caso trata-se de matar cria\u00e7\u00e3o condenada para salvar a pr\u00f3pria col\u00f3nia de abelhas.<\/div>\n<div style=\"text-align: justify;\"><\/div>\n<div style=\"text-align: justify;\">Ainda assim, ficam os ovos e larvas at\u00e9 3 dias (apr\u00f3x.), perdendo-se apenas 15 dias de cria\u00e7\u00e3o.&nbsp;<\/div>\n<div style=\"text-align: justify;\"><\/div>\n<div style=\"text-align: justify;\">Ap\u00f3s a raspagem da cria\u00e7\u00e3o, nesse mesmo dia \u00e9 aplicado um tratamento \u00e0 base de amitraz (ex: APIVAR, APITRAZ), sendo o produto qu\u00edmico com efeito mais r\u00e1pido e efetivo do mercado, de forma a matar todas as varroas presentes antes de haver nova opercula\u00e7\u00e3o da cria\u00e7\u00e3o seguinte, evitando que haja a possibilidade de algumas varroas sobreviverem e poderem entrar novamente nos alv\u00e9olos, reproduzir-se novamente e baixando o sucesso deste m\u00e9todo.<\/div>\n<div style=\"text-align: justify;\"><\/div>\n<div style=\"text-align: justify;\">Este grupo j\u00e1 estudou esta situa\u00e7\u00e3o e s\u00f3 raspar a cria\u00e7\u00e3o op\u00e9rculada n\u00e3o \u00e9 suficiente, pois vai haver sempre algumas varroas que conseguem escapar ao efeito do tratamento nos dias seguintes e voltar a entrar na pr\u00f3xima cria\u00e7\u00e3o. \u00c9 important\u00edssimo raspar tamb\u00e9m as larvas maiores, que se encontram em redor da cria\u00e7\u00e3o operculada ou ir\u00e3o ser op\u00e9rculadas nos dias seguintes.<\/div>\n<div style=\"text-align: justify;\"><\/div>\n<div style=\"clear: both; text-align: center;\"><a href=\"https:\/\/www.valedorosmaninho.com\/wp-content\/uploads\/2018\/03\/varroa-mites-on-larva.jpg\" style=\"margin-left: 1em; margin-right: 1em; text-align: center;\"><img loading=\"lazy\" decoding=\"async\" border=\"0\" data-original-height=\"1200\" data-original-width=\"1600\" height=\"300\" src=\"https:\/\/www.valedorosmaninho.com\/wp-content\/uploads\/2018\/03\/varroa-mites-on-larva-300x225.jpg\" width=\"400\" \/><\/a><\/div>\n<div style=\"text-align: justify;\"><\/div>\n<div style=\"text-align: justify;\"><\/div>\n<div style=\"text-align: justify;\">\u00c9 de todo importante evitar produtos com baixa efici\u00eancia ou produtos que demorem a actuar como \u00e9 o caso de muitos produtos biol\u00f3gicos (\u00e1cido ox\u00e1lico, timol, etc.).<\/div>\n<div style=\"text-align: justify;\"><\/div>\n<div style=\"text-align: justify;\">Ap\u00f3s a aplica\u00e7\u00e3o das tiras de tratamento \u00e9 colocado um xarope de a\u00e7ucar (50\/50) de 8 em 8 dias criando alguma estimula\u00e7\u00e3o e subsequente efeito higi\u00e9nico nas col\u00f3nias para limparem toda a cria\u00e7\u00e3o morta e prepararem os alv\u00e9olos para a rainha fazer nova postura.<\/div>\n<div style=\"text-align: justify;\"><\/div>\n<div style=\"text-align: justify;\">Foram apresentados alguns videos onde se seguiram algumas colmeias ap\u00f3s raspagem, e os resultados s\u00e3o surpreendentes, muitas col\u00f3nias passam de cria\u00e7\u00e3o salteada para cria\u00e7\u00e3o compacta e bastante bonita!<\/div>\n<div style=\"text-align: justify;\"><\/div>\n<div style=\"text-align: justify;\">Um dos apicultores pioneiros desta t\u00e9cnica, &#8220;Ram\u00f3n&#8221;, com uma explora\u00e7\u00e3o de 1600 colmeias, diz que consegue sentir as abelhas ao n\u00edvel de quando n\u00e3o existia varroa, que as abelhas se comportam de maneira diferente. Diz que costumava ter percas anuais de 300 ou 400 colmeias e desde que come\u00e7ou a usar esta t\u00e9cnica baixou para 40 e poucas colmeias. Algo inacredit\u00e1vel!<\/div>\n<div style=\"text-align: justify;\"><\/div>\n<div style=\"text-align: justify;\">Este apicultor, no pr\u00f3prio dia que retira o mel da produ\u00e7\u00e3o de Ver\u00e3o, raspa a cria\u00e7\u00e3o, aplica o tratamento e coloca uma bolsa de alimento estimulante, evitando desta maneira ter de regressar novamente aos api\u00e1rios.<\/div>\n<div style=\"text-align: justify;\"><\/div>\n<div style=\"text-align: justify;\">Os pr\u00f3prios sucos, fruto da raspagem da cria\u00e7\u00e3o acabam tamb\u00e9m por ser uma nutri\u00e7\u00e3o para as abelhas da col\u00f3nia, que respondem muito rapidamente ao estimulo de criar nova cria\u00e7\u00e3o.<\/div>\n<div style=\"text-align: justify;\"><\/div>\n<div style=\"text-align: justify;\">Esta raspagem deve ser forte e vigorosa (at\u00e9 salpicar) de forma a termos a certeza que toda a cria\u00e7\u00e3o fica morta.<\/div>\n<div style=\"text-align: justify;\"><\/div>\n<div style=\"text-align: justify;\">Os excelentes resultados que este grupo apresentou, come\u00e7am j\u00e1 a correr o mundo, acreditando que pode ser uma boa solu\u00e7\u00e3o em alguns pa\u00edses ou regi\u00f5es onde nunca temos a aus\u00eancia total de cria\u00e7\u00e3o na totalidade das colmeias, sendo um problema controlar a varroa.<\/div>\n<div style=\"text-align: justify;\"><\/div>\n<div style=\"text-align: justify;\">E esque\u00e7am a t\u00e9cnica de enjaular a rainha para obter o mesmo efeito, como fazem por exemplo em It\u00e1lia, pois essa t\u00e9cnica al\u00e9m de todos os problemas (morte da rainha enjaulada ou substitui\u00e7\u00e3o ap\u00f3s liberta\u00e7\u00e3o), morosidade, etc, n\u00e3o funciona bem com a abelha ib\u00e9rica.<\/div>\n<div style=\"text-align: justify;\"><\/div>\n<div style=\"text-align: justify;\">Os que queiram criticar esta t\u00e9cnica, por quest\u00f5es \u00e9ticas, morais, romantismo, etc, olhem para eles pr\u00f3prios e preocupem-se em dar o exemplo, em vez de criticar por criticar&#8230; e na pior das hip\u00f3teses marquem uma consulta no psic\u00f3logo.<\/div>\n<div style=\"text-align: justify;\"><\/div>\n<div style=\"text-align: justify;\">Os que achem que pode ser uma boa t\u00e9cnica a usar nas suas colmeias, experimentem e melhorem a mesma.<\/div>\n<div style=\"text-align: justify;\"><\/div>\n<div style=\"text-align: justify;\">Termino dizendo que se n\u00e3o tivesse ido a estas jornadas e ouvido o que ouvi pela boca dos pioneiros desta t\u00e9cnica, iria demorar um pouco a ver e aceitar o seu potencial! Partindo esta t\u00e9cnica de um grupo que n\u00e3o tem nada para vender&#8230; pensem sobre isso e experimentem antes de se colocarem a criticar e a criar suposi\u00e7\u00f5es, pois tenho consci\u00eancia do que matar cria\u00e7\u00e3o representa para muitos apicultores&#8230; e&#8230; at\u00e9 mesmo para mim.<\/p>\n<p>Mais alguma informa\u00e7\u00e3o em:<br \/><a href=\"https:\/\/www.latiendadelapicultor.com\/blog\/rasca-la-cria-varroa\/#ORIGEN_DEL_METODO\" target=\"_blank\" rel=\"noopener\">&nbsp;https:\/\/www.latiendadelapicultor.com\/blog\/rasca-la-cria-varroa\/#ORIGEN_DEL_METODO<\/a><\/div>\n<div style=\"text-align: justify;\"><\/div>\n<div style=\"text-align: justify;\"><\/div>\n<div style=\"text-align: justify;\"><\/div>\n<div style=\"text-align: justify;\">Jo\u00e3o Tom\u00e9<\/div>\n<div style=\"text-align: justify;\"><i><b>&#8230;um apicultor, pela apicultura&#8230;<\/b><\/i><\/div>\n","protected":false},"excerpt":{"rendered":"<p>No final de Fevereiro deste ano estive presente numas Jornadas Ap\u00edcolas em Oviedo nas Ast\u00farias espanholas, organizadas pela Uni\u00e3o de Uni\u00f5es em conjunto com a PROMIEL &#8211; Associa\u00e7\u00e3o de Apicultores Profissionais das Ast\u00farias, onde, aproveito para felicitar a organiza\u00e7\u00e3o, pois foram umas verdadeiras jornadas ap\u00edcolas, de apicultores para apicultores, digamos que um exemplo a seguir, [&hellip;]<\/p>\n","protected":false},"author":1,"featured_media":1005639,"comment_status":"closed","ping_status":"closed","sticky":false,"template":"","format":"standard","meta":{"inline_featured_image":false,"_joinchat":[],"footnotes":""},"categories":[1],"tags":[],"class_list":["post-1005866","post","type-post","status-publish","format-standard","has-post-thumbnail","hentry","category-uncategorized"],"_links":{"self":[{"href":"https:\/\/valedorosmaninho.com\/es\/wp-json\/wp\/v2\/posts\/1005866","targetHints":{"allow":["GET"]}}],"collection":[{"href":"https:\/\/valedorosmaninho.com\/es\/wp-json\/wp\/v2\/posts"}],"about":[{"href":"https:\/\/valedorosmaninho.com\/es\/wp-json\/wp\/v2\/types\/post"}],"author":[{"embeddable":true,"href":"https:\/\/valedorosmaninho.com\/es\/wp-json\/wp\/v2\/users\/1"}],"replies":[{"embeddable":true,"href":"https:\/\/valedorosmaninho.com\/es\/wp-json\/wp\/v2\/comments?post=1005866"}],"version-history":[{"count":1,"href":"https:\/\/valedorosmaninho.com\/es\/wp-json\/wp\/v2\/posts\/1005866\/revisions"}],"predecessor-version":[{"id":1005953,"href":"https:\/\/valedorosmaninho.com\/es\/wp-json\/wp\/v2\/posts\/1005866\/revisions\/1005953"}],"wp:featuredmedia":[{"embeddable":true,"href":"https:\/\/valedorosmaninho.com\/es\/wp-json\/wp\/v2\/media\/1005639"}],"wp:attachment":[{"href":"https:\/\/valedorosmaninho.com\/es\/wp-json\/wp\/v2\/media?parent=1005866"}],"wp:term":[{"taxonomy":"category","embeddable":true,"href":"https:\/\/valedorosmaninho.com\/es\/wp-json\/wp\/v2\/categories?post=1005866"},{"taxonomy":"post_tag","embeddable":true,"href":"https:\/\/valedorosmaninho.com\/es\/wp-json\/wp\/v2\/tags?post=1005866"}],"curies":[{"name":"wp","href":"https:\/\/api.w.org\/{rel}","templated":true}]}}