{"id":1005867,"date":"2017-12-12T11:03:00","date_gmt":"2017-12-12T11:03:00","guid":{"rendered":""},"modified":"2021-05-19T10:50:38","modified_gmt":"2021-05-19T10:50:38","slug":"veterinarios-apicolas-onde-andam","status":"publish","type":"post","link":"https:\/\/valedorosmaninho.com\/es\/veterinarios-apicolas-onde-andam\/","title":{"rendered":"VETERIN\u00c1RIOS AP\u00cdCOLAS &#8211; ONDE ANDAM?"},"content":{"rendered":"<div style=\"text-align: justify;\">Como \u00e9 sabido, a base e estabilidade produtiva de qualquer sector pecu\u00e1rio \u00e9 o bom estado sanit\u00e1rio dos animais. Como tal e como em qualquer sector, existem pessoas formadas para exercer determinadas fun\u00e7\u00f5es e neste caso, no sector pecu\u00e1rio temos os veterin\u00e1rios.<\/div>\n<div style=\"text-align: justify;\"><\/div>\n<div style=\"text-align: justify;\">N\u00e3o me querendo muito alongar sobre a forma\u00e7\u00e3o base dos veterin\u00e1rios em Portugal, da mesma forma que existem veterin\u00e1rios que tratam e cuidam de porcos, vacas, ovelhas, c\u00e3es, gatos, periquitos, etc, etc, seria de esperar que tiv\u00e9ssemos tamb\u00e9m veterin\u00e1rios ap\u00edcolas, pois as abelhas tamb\u00e9m fazem parte do reino animal.<\/div>\n<div style=\"text-align: justify;\"><\/div>\n<div style=\"text-align: justify;\">Julgo n\u00e3o estar errado, mas desconhe\u00e7o que exista um \u00fanico veterin\u00e1rio ap\u00edcola em Portugal, individuo que se especializou em sanidade ap\u00edcola e exer\u00e7a essa profiss\u00e3o.<\/div>\n<div style=\"text-align: justify;\"><\/div>\n<div style=\"clear: both; text-align: center;\"><a href=\"https:\/\/www.valedorosmaninho.com\/wp-content\/uploads\/2017\/12\/omv_rgb_cinz_01-450x534-1.jpg\" style=\"margin-left: 1em; margin-right: 1em;\"><img loading=\"lazy\" decoding=\"async\" border=\"0\" data-original-height=\"534\" data-original-width=\"450\" height=\"320\" src=\"https:\/\/www.valedorosmaninho.com\/wp-content\/uploads\/2017\/12\/omv_rgb_cinz_01-450x534-1-253x300.jpg\" width=\"268\" \/><\/a><\/div>\n<div style=\"text-align: justify;\"><\/div>\n<div style=\"text-align: justify;\">Em vez disso, temos dezenas de Eng. Agr\u00f3nomos, florestais, zoot\u00e9cnicos, etc, etc, que no fundo substituem aquela que a meu ver \u00e9 uma fun\u00e7\u00e3o exclusiva de um Veterin\u00e1rio, pois at\u00e9 ao momento ainda n\u00e3o vi que seja aceite que um Eng. Florestal fa\u00e7a consultas, passe receitas de medicamentos, etc, nos outros sectores pecu\u00e1rios. Trata-se de uma exig\u00eancia legal.<\/div>\n<div style=\"text-align: justify;\"><\/div>\n<div style=\"text-align: justify;\">Sendo a minha base &#8220;Eng. Agro-Florestal&#8221;, tendo-me dedicado em exclusivo \u00e0 apicultura, sinto-me \u00e0 vontade para discutir esta situa\u00e7\u00e3o, pois, na grande maioria j\u00e1 sei que tipo de coment\u00e1rios ir\u00e3o surgir, especialmente de quem representa as diversas associa\u00e7\u00f5es de apicultores. &#8220;Que temos excelentes t\u00e9cnicos ap\u00edcolas, excelentes profissionais, etc, etc.&#8221; &#8230; e que n\u00e3o \u00e9 por ter forma\u00e7\u00e3o base de veterin\u00e1ria que as coisas seriam diferentes&#8230;&#8221;<\/div>\n<div style=\"text-align: justify;\"><\/div>\n<div style=\"text-align: justify;\">Tudo bem, \u00e9 discut\u00edvel, contudo, n\u00e3o \u00e9 de todo aceit\u00e1vel ir ao m\u00e9dico e ser atendido por um Eng. Agr\u00f3nomo, \u00e9 para isso que existem cursos superiores nas diversas \u00e1reas.<\/div>\n<div style=\"text-align: justify;\"><\/div>\n<div style=\"text-align: justify;\">E eu pergunto, j\u00e1 ouviram alguma vez na vossa vida um veterin\u00e1rio ap\u00edcola falar sobre abelhas? Eu j\u00e1, e fiquei completamente impressionado, pois est\u00e1 focado em sanidade, sanidade, sanidade.&nbsp;<\/div>\n<div style=\"text-align: justify;\"><\/div>\n<div style=\"text-align: justify;\">Mas quando falo veterin\u00e1rio ap\u00edcola, falo de algu\u00e9m com experi\u00eancia di\u00e1ria de campo, que est\u00e1 ao lado dos apicultores, algu\u00e9m que os acompanha e conhece como ningu\u00e9m a realidade e os ajuda da melhor forma. Tive a oportunidade de ouvir durante uma palestra um veterin\u00e1rio espanhol, e garanto-vos que dificilmente um t\u00e9cnico de ci\u00eancias agr\u00e1rias consegue atingir esse n\u00edvel.<\/div>\n<div style=\"text-align: justify;\"><\/div>\n<div style=\"text-align: justify;\">N\u00e3o quero com este artigo, passar nenhum atestado de inutilidade aos t\u00e9cnicos ap\u00edcolas existentes no momento, quero sim fazer entender que seguimos erradamente um caminho, pois o facto de termos exclu\u00eddo veterin\u00e1rios do sector ap\u00edcola, n\u00e3o sendo uma obriga\u00e7\u00e3o legal tal como acontece com os outros sectores&nbsp; pecu\u00e1rios, provocamos uma desvaloriza\u00e7\u00e3o do animal que mantemos &#8220;a abelha&#8221; ao permitir que qualquer um esteja habilitado para exercer fun\u00e7\u00f5es ao n\u00edvel sanit\u00e1rio.<\/div>\n<div style=\"text-align: justify;\"><\/div>\n<div style=\"text-align: justify;\">Considerando-me um t\u00e9cnico ap\u00edcola com forma\u00e7\u00e3o base nas ci\u00eancias agr\u00e1rias, por natureza temos v\u00e1rios focos, que desviam a aten\u00e7\u00e3o para factores produtivos, de maneio, flora ap\u00edcola, etc, etc, onde junto com estes factores inclu\u00edmos tamb\u00e9m a sanidade ap\u00edcola. Somos pessoas polivalentes que somos obrigadas a saber de tudo um pouco e nunca conseguimos concentrar-nos num \u00fanico tema, pois assim somos obrigados.<\/div>\n<div style=\"text-align: justify;\"><\/div>\n<div style=\"text-align: justify;\">Ao contr\u00e1rio, um veterin\u00e1rio ap\u00edcola, o seu foco principal s\u00e3o as quest\u00f5es sanit\u00e1rias, havendo especializa\u00e7\u00f5es a v\u00e1rios n\u00edveis.<\/p>\n<p>Existe espa\u00e7o para todos, especialmente zoot\u00e9cnicos a trabalhar junto com veterin\u00e1rios, mas no caso de sermos obrigados a optar por uma especializa\u00e7\u00e3o, \u00e9 de todo geral a opini\u00e3o que a sanidade \u00e9 priorit\u00e1ria.<\/p><\/div>\n<div style=\"text-align: justify;\"><\/div>\n<div style=\"text-align: justify;\">Com a quantidade de informa\u00e7\u00e3o existente ao n\u00edvel produtivo, flora ap\u00edcola, maneio, etc, etc, que existe nos dias de hoje, faz cada vez mais sentido, come\u00e7armos a trabalhar de forma a termos veterin\u00e1rios ap\u00edcola especializados a sanidade ap\u00edcola, pois como sabemos, com todos os problemas j\u00e1 existentes no maneio de abelhas, junto com as altera\u00e7\u00f5es clim\u00e1ticas, resta-nos trabalhar no sentido de ter um apoio sanit\u00e1rio ao mais alto n\u00edvel, pois ser\u00e1 a base primordial para continuar a manter abelhas vivas e em produ\u00e7\u00e3o.<\/p>\n<p>Este \u00e9 um tema novo que irei promover at\u00e9 que surta resultados, pois faz todo o sentido trabalhar para entregar &#8220;<b>o seu a seu dono<\/b>&#8220;, e neste caso, a sanidade ap\u00edcola a veterin\u00e1rios ap\u00edcolas.<\/p>\n<\/div>\n<div style=\"text-align: justify;\"><\/div>\n<div style=\"text-align: justify;\">Jo\u00e3o Tom\u00e9<\/div>\n<div style=\"text-align: justify;\"><b><i>&#8230;um apicultor, pela apicultura&#8230;<\/i><\/b><\/div>\n","protected":false},"excerpt":{"rendered":"<p>Como \u00e9 sabido, a base e estabilidade produtiva de qualquer sector pecu\u00e1rio \u00e9 o bom estado sanit\u00e1rio dos animais. Como tal e como em qualquer sector, existem pessoas formadas para exercer determinadas fun\u00e7\u00f5es e neste caso, no sector pecu\u00e1rio temos os veterin\u00e1rios. N\u00e3o me querendo muito alongar sobre a forma\u00e7\u00e3o base dos veterin\u00e1rios em Portugal, [&hellip;]<\/p>\n","protected":false},"author":1,"featured_media":1005645,"comment_status":"closed","ping_status":"closed","sticky":false,"template":"","format":"standard","meta":{"inline_featured_image":false,"_joinchat":[],"footnotes":""},"categories":[1],"tags":[],"class_list":["post-1005867","post","type-post","status-publish","format-standard","has-post-thumbnail","hentry","category-uncategorized"],"_links":{"self":[{"href":"https:\/\/valedorosmaninho.com\/es\/wp-json\/wp\/v2\/posts\/1005867","targetHints":{"allow":["GET"]}}],"collection":[{"href":"https:\/\/valedorosmaninho.com\/es\/wp-json\/wp\/v2\/posts"}],"about":[{"href":"https:\/\/valedorosmaninho.com\/es\/wp-json\/wp\/v2\/types\/post"}],"author":[{"embeddable":true,"href":"https:\/\/valedorosmaninho.com\/es\/wp-json\/wp\/v2\/users\/1"}],"replies":[{"embeddable":true,"href":"https:\/\/valedorosmaninho.com\/es\/wp-json\/wp\/v2\/comments?post=1005867"}],"version-history":[{"count":1,"href":"https:\/\/valedorosmaninho.com\/es\/wp-json\/wp\/v2\/posts\/1005867\/revisions"}],"predecessor-version":[{"id":1005954,"href":"https:\/\/valedorosmaninho.com\/es\/wp-json\/wp\/v2\/posts\/1005867\/revisions\/1005954"}],"wp:featuredmedia":[{"embeddable":true,"href":"https:\/\/valedorosmaninho.com\/es\/wp-json\/wp\/v2\/media\/1005645"}],"wp:attachment":[{"href":"https:\/\/valedorosmaninho.com\/es\/wp-json\/wp\/v2\/media?parent=1005867"}],"wp:term":[{"taxonomy":"category","embeddable":true,"href":"https:\/\/valedorosmaninho.com\/es\/wp-json\/wp\/v2\/categories?post=1005867"},{"taxonomy":"post_tag","embeddable":true,"href":"https:\/\/valedorosmaninho.com\/es\/wp-json\/wp\/v2\/tags?post=1005867"}],"curies":[{"name":"wp","href":"https:\/\/api.w.org\/{rel}","templated":true}]}}