{"id":1005876,"date":"2017-05-05T22:01:00","date_gmt":"2017-05-05T22:01:00","guid":{"rendered":""},"modified":"2021-05-19T10:50:39","modified_gmt":"2021-05-19T10:50:39","slug":"a-abelha-iberica-apis-mellifera-iberiensis-a-sua-conservacao-e-uso-de-outras-racas","status":"publish","type":"post","link":"https:\/\/valedorosmaninho.com\/es\/a-abelha-iberica-apis-mellifera-iberiensis-a-sua-conservacao-e-uso-de-outras-racas\/","title":{"rendered":"A Abelha Ib\u00e9rica &#8220;Apis mellifera iberiensis&#8221;, a sua conserva\u00e7\u00e3o e uso de outras ra\u00e7as."},"content":{"rendered":"<div align=\"center\" style=\"text-align: center;\"><\/div>\n<div><span style=\"font-size: 22.0pt; line-height: 115%;\"><\/span><\/div>\n<div style=\"clear: both; text-align: center;\"><a href=\"https:\/\/www.valedorosmaninho.com\/wp-content\/uploads\/2017\/05\/Imagem1.jpg\" style=\"margin-left: 1em; margin-right: 1em;\"><img loading=\"lazy\" decoding=\"async\" border=\"0\" height=\"265\" src=\"https:\/\/www.valedorosmaninho.com\/wp-content\/uploads\/2017\/05\/Imagem1-300x199.jpg\" width=\"400\" \/><\/a><\/div>\n<p>  <\/p>\n<div align=\"center\" style=\"text-align: center;\"><i><span style=\"font-size: 22.0pt; line-height: 115%;\">Apis mellifera iberiensis<o:p><\/o:p><\/span><\/i><\/div>\n<div><\/div>\n<div align=\"right\" style=\"text-align: right;\"><\/div>\n<div style=\"text-align: justify;\"><span style=\"font-size: 22.0pt; line-height: 115%;\">A abelha <i>Apis mellifera<\/i>\u00e9 um insecto selvagem, que n\u00f3s Humanos, apenas cuidamos e nos limitamos a fornecer uma casa artificial de forma a termos um acesso f\u00e1cil aos seus recursos, como \u00e9 o caso do mel.<o:p><\/o:p><\/span><\/div>\n<div style=\"text-align: justify;\"><span style=\"font-size: 22.0pt; line-height: 115%;\">As abelhas atrav\u00e9s da enxamea\u00e7\u00e3o podem a qualquer momento abandonar a casa que lhe fornecemos e encontrar outra em plena natureza. \u00c9 importante reconhecermos as abelhas como animais selvagens e n\u00e3o dom\u00e9sticos.<o:p><\/o:p><\/span><\/div>\n<div align=\"center\" style=\"text-align: center;\"><\/div>\n<div style=\"text-align: justify;\"><span style=\"font-size: 22.0pt; line-height: 115%;\">Segundo diversos estudos gen\u00e9ticos, inclusivamente alguns bastante recentes, a abelha mell\u00edfera ter\u00e1 como origem o continente africano (<i>Honey Bee Genome Sequencing Consortium 2006<\/i>), sendo de \u00c1frica que ter\u00e3o surgido as primeiras abelhas no Mundo.<o:p><\/o:p><\/span><\/div>\n<div style=\"text-align: justify;\"><span style=\"font-size: 22.0pt; line-height: 115%;\">Durante a idade do gelo as abelhas foram completamente erradicadas de grande parte da Europa, tendo ficado a sua popula\u00e7\u00e3o restrita \u00e0 <b>Pen\u00ednsula Ib\u00e9rica<\/b> e <b>\u00c1frica<\/b>.<o:p><\/o:p><\/span><\/div>\n<div style=\"text-align: justify;\"><span style=\"font-size: 22.0pt; line-height: 115%;\"><br \/><\/span><\/div>\n<div style=\"text-align: justify;\"><span style=\"font-size: 22.0pt; line-height: 115%;\">H\u00e1 10.000 anos, ap\u00f3s terminar a ultima glacia\u00e7\u00e3o, as abelhas come\u00e7aram novamente a colonizar a Europa e m\u00e9dio oriente. Estas movimenta\u00e7\u00f5es, junto com distintas barreiras f\u00edsicas e condi\u00e7\u00f5es edafo-clim\u00e1ticas \u00edmpares de cada zona colonizada, deu origem a abelhas com distintas caracter\u00edsticas morfol\u00f3gicas e gen\u00e9ticas, \u00e0s quais chamamos de ra\u00e7as, que no fundo s\u00e3o subesp\u00e9cies.<o:p><\/o:p><\/span><\/div>\n<div style=\"text-align: justify;\"><span style=\"font-size: 22.0pt; line-height: 115%;\"><br \/><\/span><\/div>\n<div style=\"text-align: justify;\"><span style=\"font-size: 22.0pt; line-height: 115%;\">Esta divis\u00e3o deu origem a diferentes grupos ou linhagens de abelhas. Temos a linhagem M, presente na Europa Ocidental, que engloba a <i>Apis mell\u00edfera iberiensis<\/i> e <i>mell\u00edfera mell\u00edfera<\/i>, a linhagem C, na Europa Oriental, que engloba a <i>Apis mell\u00edfera carnica<\/i>, <i>ligustica<\/i>, <i>macedonica<\/i>, <i>cecropia<\/i>, <i>sicula<\/i> e <i>ruttneri<\/i>. Al\u00e9m destes principais grupos temos ainda a linhagem O no m\u00e9dio Oriente, de onde prov\u00e9m a <i>Apis mellifera anatoliaca<\/i>, <i>syriaca, caucasica, armenica, <\/i>etc, etc e por \u00faltimo a linhagem A, que engloba todas as subesp\u00e9cies Africanas.<o:p><\/o:p><\/span><\/div>\n<div style=\"text-align: justify;\"><\/div>\n<div style=\"text-align: justify;\"><\/div>\n<div style=\"clear: both; text-align: center;\"><a href=\"https:\/\/www.valedorosmaninho.com\/wp-content\/uploads\/2017\/05\/Imagem1.png\" style=\"margin-left: 1em; margin-right: 1em;\"><img loading=\"lazy\" decoding=\"async\" border=\"0\" height=\"225\" src=\"https:\/\/www.valedorosmaninho.com\/wp-content\/uploads\/2017\/05\/Imagem1-300x169.png\" width=\"400\" \/><\/a><\/div>\n<p><\/p>\n<div style=\"clear: both; text-align: center;\"><a href=\"https:\/\/www.valedorosmaninho.com\/wp-content\/uploads\/2017\/05\/Imagem2.png\" style=\"margin-left: 1em; margin-right: 1em;\"><img loading=\"lazy\" decoding=\"async\" border=\"0\" height=\"311\" src=\"https:\/\/www.valedorosmaninho.com\/wp-content\/uploads\/2017\/05\/Imagem2-300x234.png\" width=\"400\" \/><\/a><\/div>\n<div style=\"text-align: justify;\"><\/div>\n<div style=\"text-align: justify;\"><\/div>\n<div style=\"text-align: justify;\"><span style=\"font-size: 22.0pt; line-height: 115%;\">Como se verifica nas imagens anteriores, gentilmente cedidas pela Dra. Alice Pinto da Escola Superior Agr\u00e1ria de Bragan\u00e7a, as diferen\u00e7as entre ra\u00e7as s\u00e3o claras ao n\u00edvel gen\u00e9tico.<o:p><\/o:p><\/span><\/div>\n<div style=\"text-align: justify;\"><span style=\"font-size: 22.0pt; line-height: 115%;\">Atrav\u00e9s da estrutura do genoma \u00e9 poss\u00edvel separar as diferentes subesp\u00e9cies, a sua proximidade, ecotipos, etc.<o:p><\/o:p><\/span><\/div>\n<div style=\"text-align: justify;\"><span style=\"font-size: 22.0pt; line-height: 115%;\"><br \/><\/span><\/div>\n<div style=\"text-align: justify;\"><span style=\"font-size: 22.0pt; line-height: 115%;\">A t\u00edtulo de exemplo, no K=5 podemos verificar que a ra\u00e7a ib\u00e9rica se separa da <i>mell\u00edfera mell\u00edfera, <\/i>classificando as mesmas como subesp\u00e9cies, contudo, como \u00e9 \u00f3bvio existe alguma proximidade entre elas, pois partilharam uma hist\u00f3ria no passado.<o:p><\/o:p><\/span><\/div>\n<div style=\"text-align: justify;\"><span style=\"font-size: 22.0pt; line-height: 115%;\">Quanto \u00e1 <i>ligustica<\/i>e <i>carnica<\/i>, \u00e9 incr\u00edvel a proximidade gen\u00e9tica que t\u00eam umas das outras, pois em K=6 o programa ainda as mant\u00e9m juntas, sem qualquer distin\u00e7\u00e3o, comprovando uma grande proximidade e recente hist\u00f3ria entre elas.<o:p><\/o:p><\/span><\/div>\n<div style=\"text-align: justify;\"><span style=\"font-size: 22.0pt; line-height: 115%;\"><br \/><\/span><\/div>\n<div style=\"text-align: justify;\"><span style=\"font-size: 22.0pt; line-height: 115%;\">Da mesma forma, podemos verificar a dist\u00e2ncia a que se encontra a abelha ib\u00e9rica da ligustica e carnica, pois em K=3, as mesmas s\u00e3o logo separadas, comprovando as diferen\u00e7as gen\u00e9ticas destas duas linhagens.<o:p><\/o:p><\/span><\/div>\n<div style=\"text-align: justify;\"><span style=\"font-size: 22.0pt; line-height: 115%;\"><br \/><\/span><\/div>\n<div style=\"text-align: justify;\"><span style=\"font-size: 22.0pt; line-height: 115%;\">Com estas imagens n\u00e3o se pretende provar que existem diferentes ra\u00e7as de abelhas, pois julgo que \u00e9 um assunto do conhecimento geral de todos, apenas demonstrar que existem realmente diferen\u00e7as gen\u00e9ticas que nos permitem classificar diferentes linhagens de abelhas.<o:p><\/o:p><\/span><\/div>\n<div style=\"text-align: justify;\"><span style=\"font-size: 22.0pt; line-height: 115%;\"><br \/><\/span><\/div>\n<div style=\"text-align: justify;\"><span style=\"font-size: 22.0pt; line-height: 115%;\">Apesar de tudo, se algu\u00e9m quiser assumir que n\u00e3o existem ra\u00e7as, ent\u00e3o podemos falar apenas em subesp\u00e9cies adaptadas a diferentes regi\u00f5es europeias, com caracter\u00edsticas morfol\u00f3gicas e gen\u00e9ticas totalmente distintas umas das outras, fruto da sua estreita rela\u00e7\u00e3o com as condi\u00e7\u00f5es ambientais que as moldaram ao longo de milhares de anos.<o:p><\/o:p><\/span><\/div>\n<div style=\"text-align: justify;\"><span style=\"font-size: 22.0pt; line-height: 115%;\"><br \/><\/span><\/div>\n<div style=\"text-align: justify;\"><b><span style=\"font-size: 22.0pt; line-height: 115%;\">Conserva\u00e7\u00e3o da abelha Ib\u00e9rica<o:p><\/o:p><\/span><\/b><\/div>\n<div style=\"text-align: justify;\"><b><span style=\"font-size: 22.0pt; line-height: 115%;\"><br \/><\/span><\/b><\/div>\n<div style=\"text-align: justify;\"><span style=\"font-size: 22.0pt; line-height: 115%;\">A conserva\u00e7\u00e3o da abelha ib\u00e9rica, pode ser vista como o futuro, algo inevit\u00e1vel ou apenas como um sonho de alguns criadores de rainhas ou naturalistas retrogradas, contudo, devemos olhar um pouco mais acima no horizonte e ver a conserva\u00e7\u00e3o das diferentes subesp\u00e9cies de abelhas como um \u201cseguro\u201d a longo prazo, pois no dia de hoje n\u00e3o sabemos o que podemos precisar no dia de amanh\u00e3.<o:p><\/o:p><\/span><\/div>\n<div align=\"center\" style=\"text-align: center;\"><\/div>\n<div style=\"text-align: justify;\"><span style=\"font-size: 22.0pt; line-height: 115%;\">A conserva\u00e7\u00e3o das ra\u00e7as aut\u00f3ctones \u00e9 a \u00fanica forma de podermos garantir diversidade gen\u00e9tica, factor essencial \u00e0 adapta\u00e7\u00e3o das abelhas a condi\u00e7\u00f5es ambientais distintas no futuro, ou at\u00e9 mesmo doen\u00e7as.<o:p><\/o:p><\/span><\/div>\n<div style=\"text-align: justify;\"><span style=\"font-size: 22.0pt; line-height: 115%;\">Antes do aparecimento da varroa, ningu\u00e9m podia imaginar os mecanismos de resist\u00eancia das abelhas descobertos at\u00e9 hoje. A diversidade gen\u00e9tica nas abelhas, \u00e9 no fundo uma fonte inesgot\u00e1vel de caracter\u00edsticas desconhecidas que podem ser usadas em melhoramentos futuros, como resist\u00eancia a doen\u00e7as, produtividade, sobreviv\u00eancia a condi\u00e7\u00f5es ambientais adversas, etc, etc.<o:p><\/o:p><\/span><\/div>\n<div style=\"text-align: justify;\"><\/div>\n<div style=\"text-align: justify;\"><b><span style=\"font-size: 22.0pt; line-height: 115%;\">Melhoramento do desempenho da abelha ib\u00e9rica<o:p><\/o:p><\/span><\/b><\/div>\n<div style=\"text-align: justify;\"><b><span style=\"font-size: 22.0pt; line-height: 115%;\"><br \/><\/span><\/b><\/div>\n<div style=\"text-align: justify;\"><span style=\"font-size: 22.0pt; line-height: 115%;\">Os apicultores em geral devem come\u00e7ar a preocupar-se em melhorar as abelhas que t\u00eam, pois n\u00e3o \u00e9 necess\u00e1rio ser Doutor, engenheiro ou especialista em gen\u00e9tica para podermos dar no nosso contributo na melhoria gen\u00e9tica da ra\u00e7a aut\u00f3ctone que mantemos.<o:p><\/o:p><\/span><\/div>\n<div style=\"text-align: justify;\"><span style=\"font-size: 22.0pt; line-height: 115%;\"><br \/><\/span><\/div>\n<div style=\"text-align: justify;\"><span style=\"font-size: 22.0pt; line-height: 115%;\">\u00c9 importante demostrar que a melhoria gen\u00e9tica das abelhas aut\u00f3ctones pode ser alcan\u00e7ada por qualquer um, sendo uma alternativa \u00e0 compra de abelhas de outras ra\u00e7as, que possuam determinadas caracter\u00edsticas desejadas. <o:p><\/o:p><\/span><\/div>\n<div style=\"text-align: justify;\"><span style=\"font-size: 22.0pt; line-height: 115%;\"><br \/><\/span><\/div>\n<div style=\"text-align: justify;\"><span style=\"font-size: 22.0pt; line-height: 115%;\">\u00c9 tempo de assumirmos uma posi\u00e7\u00e3o de esfor\u00e7o na melhoria das caracter\u00edsticas da nossa abelha aut\u00f3ctone, melhorando as suas qualidades que est\u00e3o devidamente adaptadas ao nosso pa\u00eds.<o:p><\/o:p><\/span><\/div>\n<div style=\"text-align: justify;\"><span style=\"font-size: 22.0pt; line-height: 115%;\"><br \/><\/span><\/div>\n<div style=\"text-align: justify;\"><span style=\"font-size: 22.0pt; line-height: 115%;\">Se cada vez mais apicultores escolherem o caminho de dar o seu contributo no melhoramento da ra\u00e7a aut\u00f3ctone, de melhorar aquilo que t\u00eam, o futuro ser\u00e1 risonho a m\u00e9dio\/longo prazo.<o:p><\/o:p><\/span><\/div>\n<div style=\"text-align: justify;\"><span style=\"font-size: 22.0pt; line-height: 115%;\"><br \/><\/span><\/div>\n<div style=\"text-align: justify;\"><span style=\"font-size: 22.0pt; line-height: 115%;\">Os benef\u00edcios da melhoria gen\u00e9tica das abelhas aut\u00f3ctones estendem-se muito mais al\u00e9m da produ\u00e7\u00e3o de mel. A abelha, sendo um animal selvagem, precisa de ser sustent\u00e1vel ao ponto de conseguir sobreviver e resistir facilmente \u00e0s condi\u00e7\u00f5es ambientais onde vive, especialmente sem a ac\u00e7\u00e3o e depend\u00eancia humana. Esta sustentabilidade s\u00f3 \u00e9 poss\u00edvel de alcan\u00e7ar se trabalharmos com as abelhas nativas.<o:p><\/o:p><\/span><\/div>\n<div style=\"text-align: justify;\"><span style=\"font-size: 22.0pt; line-height: 115%;\"><br \/><\/span><\/div>\n<div style=\"text-align: justify;\"><span style=\"font-size: 22.0pt; line-height: 115%;\">\u00c9 mais f\u00e1cil trabalhar a favor das for\u00e7as da natureza, do que contra elas\u2026 como \u00e9 o caso de introduzir uma nova ra\u00e7a \u201c\u00e0 for\u00e7a\u201d, num pa\u00eds com a sua pr\u00f3pria ra\u00e7a nativa.<o:p><\/o:p><\/span><\/div>\n<div style=\"text-align: justify;\"><span style=\"font-size: 22.0pt; line-height: 115%;\"><br \/><\/span><\/div>\n<div style=\"text-align: justify;\"><span style=\"font-size: 22.0pt; line-height: 115%;\">A sele\u00e7\u00e3o das abelhas passa apenas por manter ou melhorar a sua qualidade, em rela\u00e7\u00e3o \u00e0s caracter\u00edsticas que desejamos. <o:p><\/o:p><\/span><\/div>\n<div style=\"text-align: justify;\"><span style=\"font-size: 22.0pt; line-height: 115%;\"><br \/><\/span><\/div>\n<div style=\"text-align: justify;\"><b><span style=\"font-size: 22.0pt; line-height: 115%;\">Qualidades produtivas\/gerais da abelha ib\u00e9rica<o:p><\/o:p><\/span><\/b><\/div>\n<div style=\"text-align: justify;\"><b><span style=\"font-size: 22.0pt; line-height: 115%;\"><br \/><\/span><\/b><\/div>\n<div style=\"text-align: justify;\"><span style=\"font-size: 22.0pt; line-height: 115%;\">Quando falamos em qualidades ou at\u00e9 mesmo defeitos da nossa abelha, deveremos saber distinguir os que est\u00e3o directamente relacionados com a capacidade produtiva, pois de nada serve ter uma abelha mansa ou calma no quadro se a mesma n\u00e3o produzir mel. Da\u00ed, ser bastante importante saber distinguir o que pretendemos.<o:p><\/o:p><\/span><\/div>\n<div style=\"text-align: justify;\"><span style=\"font-size: 22.0pt; line-height: 115%;\"><br \/><\/span><\/div>\n<div style=\"text-align: justify;\"><span style=\"font-size: 22.0pt; line-height: 115%;\">Talvez porque nunca tenhamos conhecido outra abelha, muitos de n\u00f3s s\u00f3 nos conseguimos focar nos defeitos que a nossa abelha tem, sendo que as qualidades, o facto de serem t\u00e3o normais, nunca olha-mos verdadeiramente para elas como algo de extrema import\u00e2ncia. Qualidades que n\u00e3o se encontram nas restantes subesp\u00e9cies, pelo menos ao n\u00edvel de se poderem identificar como uma caracter\u00edstica dessas ra\u00e7as.<o:p><\/o:p><\/span><\/div>\n<div style=\"text-align: justify;\"><span style=\"font-size: 22.0pt; line-height: 115%;\"><br \/><\/span><\/div>\n<div style=\"text-align: justify;\"><span style=\"font-size: 22.0pt; line-height: 115%;\">Como j\u00e1 foi referido, a abelha ib\u00e9rica ocupa o nosso pa\u00eds h\u00e1 milhares de anos, tendo sobrevivido a condi\u00e7\u00f5es muito dif\u00edceis, onde apenas os indiv\u00edduos mais resistentes e adaptados sobreviveram.<o:p><\/o:p><\/span><\/div>\n<div style=\"text-align: justify;\"><span style=\"font-size: 22.0pt; line-height: 115%;\"><br \/><\/span><\/div>\n<div style=\"text-align: justify;\"><span style=\"font-size: 22.0pt; line-height: 115%;\">A nossa abelha encontra-se perfeitamente adaptada ao clima e flora\u00e7\u00f5es portuguesas, e no momento em que, em alguns anos damos tudo como perdido, ela surpreende-nos e salva a \u00e9poca, ao produzir ainda uma ou duas al\u00e7as de mel.<o:p><\/o:p><\/span><\/div>\n<div align=\"center\" style=\"text-align: center;\"><\/div>\n<div style=\"text-align: justify;\"><span style=\"font-size: 22.0pt; line-height: 115%;\">Antes de falarmos nas boas e m\u00e1s caracter\u00edsticas da abelha ib\u00e9rica, \u00e9 importante salientar que existem diversos tipos de caracter\u00edsticas, que independentemente de gostarmos delas ou n\u00e3o, as mesmas em nada contribuem para que as col\u00f3nias sejam boas produtoras, uma vez que esta \u00e9 uma das principais qualidades que os apicultores procuram. Ter abelhas boas produtoras de mel e p\u00f3len.<o:p><\/o:p><\/span><\/div>\n<div style=\"text-align: justify;\"><span style=\"font-size: 22.0pt; line-height: 115%;\"><br \/><\/span><\/div>\n<div style=\"text-align: justify;\"><span style=\"font-size: 22.0pt; line-height: 115%;\">Analisando a abelha ib\u00e9rica a fundo, s\u00e3o algumas as m\u00e1s caracter\u00edsticas que lhes podemos atribuir, contudo, s\u00e3o tudo caracter\u00edsticas secund\u00e1rias, sendo apenas a propens\u00e3o para enxamear a \u00fanica m\u00e1 caracter\u00edstica que lhe podemos atribuir ao n\u00edvel de caracter\u00edsticas produtivas. <o:p><\/o:p><\/span><\/div>\n<div style=\"text-align: justify;\"><span style=\"font-size: 22.0pt; line-height: 115%;\"><br \/><\/span><\/div>\n<div style=\"text-align: justify;\"><b><span style=\"font-size: 22.0pt; line-height: 115%;\">Boas caracter\u00edsticas<o:p><\/o:p><\/span><\/b><\/div>\n<div style=\"text-align: justify;\"><b><span style=\"font-size: 22.0pt; line-height: 115%;\"><br \/><\/span><\/b><\/div>\n<div style=\"text-align: justify;\"><b><span style=\"font-size: 22.0pt; line-height: 115%;\">1\u00aa &#8211; Capacidade de crescer rapidamente no in\u00edcio da primavera, a partir de uma popula\u00e7\u00e3o baixa de indiv\u00edduos;<o:p><\/o:p><\/span><\/b><\/div>\n<div style=\"text-align: justify;\"><b><span style=\"font-size: 22.0pt; line-height: 115%;\"><br \/><\/span><\/b><\/div>\n<div style=\"text-align: justify;\"><span style=\"font-size: 22.0pt; line-height: 115%;\">J\u00e1 todos devem ter presenciado no in\u00edcio da primavera, que apesar das colmeias se encontrarem com poucas abelhas, de uma semana para a outra as colmeias \u201cexplodem\u201d. Esta explos\u00e3o apesar de estar relacionada com o nascimento de abelhas novas, \u00e9 impressionante como uma baixa popula\u00e7\u00e3o de abelhas consegue tomar conta de tanta cria\u00e7\u00e3o, ao ponto de permitir um r\u00e1pido desenvolvimento das mesmas, numa altura em que a flora\u00e7\u00e3o ainda est\u00e1 para a come\u00e7ar. Al\u00e9m disso \u00e9 uma prova de que a rainha sente o momento correto de iniciar a postura.<o:p><\/o:p><\/span><\/div>\n<div style=\"text-align: justify;\"><span style=\"font-size: 22.0pt; line-height: 115%;\">Apesar de ser uma caracter\u00edstica parecida \u00e0 da abelha Carnica, o \u201cPadre Adam\u201d faz quest\u00e3o de sublinhar esta caracter\u00edstica \u201cexplosiva\u201d das abelhas negras ocidentais e do norte de Africa (<i>Ib\u00e9rica, mel\u00edfera mel\u00edfera e intermissa<\/i>), como sendo \u00fanica em todas as ra\u00e7as que teve oportunidade de testar, e que nem compar\u00e1vel \u00e9 \u00e0 da abelha c\u00e1rnica, pois o desenvolvimento da c\u00e1rnica \u00e9 j\u00e1 numa altura mais favor\u00e1vel em termos de condi\u00e7\u00f5es externas.<o:p><\/o:p><\/span><\/div>\n<div style=\"text-align: justify;\"><\/div>\n<div style=\"text-align: justify;\"><b><span style=\"font-size: 22.0pt; line-height: 115%;\">2\u00aa \u2013 Excelente capacidade de puxar ceras rapidamente e com perfei\u00e7\u00e3o;<o:p><\/o:p><\/span><\/b><\/div>\n<div style=\"text-align: justify;\"><b><span style=\"font-size: 22.0pt; line-height: 115%;\"><br \/><\/span><\/b><\/div>\n<div style=\"text-align: justify;\"><span style=\"font-size: 22.0pt; line-height: 115%;\">Associada \u00e0 \u201cexplos\u00e3o\u201d da primeira caracter\u00edstica descrita, temos a mestria em puxar ceras rapidamente com bastante perfei\u00e7\u00e3o, onde de um momento para o outro temos os ninhos cheios de v\u00e1rios quadros com cera acabada de puxar, lindos e perfeitos, onde al\u00e9m disso j\u00e1 existe postura da rainha na maioria deles.<o:p><\/o:p><\/span><\/div>\n<div style=\"text-align: justify;\"><span style=\"font-size: 22.0pt; line-height: 115%;\"><br \/><\/span><\/div>\n<div style=\"text-align: justify;\"><b><span style=\"font-size: 22.0pt; line-height: 115%;\">3\u00aa \u2013 Boa produtora de mel;<o:p><\/o:p><\/span><\/b><\/div>\n<div style=\"text-align: justify;\"><b><span style=\"font-size: 22.0pt; line-height: 115%;\"><br \/><\/span><\/b><\/div>\n<div style=\"text-align: justify;\"><span style=\"font-size: 22.0pt; line-height: 115%;\">A abelha ib\u00e9rica \u00e9 uma boa produtora de mel, sendo o seu pro m\u00e9dio bastante interessante em anos bons. Se as rainhas forem novas, n\u00e3o \u00e9 admira\u00e7\u00e3o nenhuma encontrar col\u00f3nias que produzem entre 30 a 70 kg de mel, obviamente que n\u00e3o s\u00e3o todas, mas v\u00e3o aparecendo. Contudo o que interessa \u00e9 a m\u00e9dia e essa \u00e9 muito dif\u00edcil de estabelecer, devido \u00e0 irregularidade que os anos t\u00eam tido, bem como o tipo de maneio que damos \u00e0s colmeias, se as ceras est\u00e3o puxadas ou n\u00e3o, se as rainhas s\u00e3o novas ou n\u00e3o, etc. <o:p><\/o:p><\/span><\/div>\n<div style=\"text-align: justify;\"><span style=\"font-size: 22.0pt; line-height: 115%;\"><br \/><\/span><\/div>\n<div style=\"text-align: justify;\"><span style=\"font-size: 22.0pt; line-height: 115%;\">Os enxames novos costumam dar uma a duas al\u00e7as de mel no rosmaninho e 2 a 4 al\u00e7as em transum\u00e2ncia, isto em condi\u00e7\u00f5es normais, e claro que existem sempre colmeias que n\u00e3o produzem nada, pois se temos as colmeias fracas com varroa e passaram mal o Inverno a realidade produtiva \u00e9 outra.<o:p><\/o:p><\/span><\/div>\n<div style=\"text-align: justify;\"><span style=\"font-size: 22.0pt; line-height: 115%;\"><br \/><\/span><\/div>\n<div style=\"text-align: justify;\"><span style=\"font-size: 22.0pt; line-height: 115%;\">Mesmo assim, no final da \u00e9poca, at\u00e9 as colmeias mais fracas acabam por vezes em produzir uma al\u00e7a de mel.<o:p><\/o:p><\/span><\/div>\n<div style=\"text-align: justify;\"><span style=\"font-size: 22.0pt; line-height: 115%;\">Segundo o maneio que fazemos \u00e0s nossas colmeias, na regi\u00e3o onde nos encontramos (Castelo Branco), com ceras puxadas, posso assumir uma m\u00e9dia de 18Kg de mel por flora\u00e7\u00e3o em anos normais. 5 a 8Kg em anos maus e 25Kg de mel em anos bons.<o:p><\/o:p><\/span><\/div>\n<div style=\"text-align: justify;\"><span style=\"font-size: 22.0pt; line-height: 115%;\"><br \/><\/span><\/div>\n<div style=\"text-align: justify;\"><span style=\"font-size: 22.0pt; line-height: 115%;\">Outra situa\u00e7\u00e3o que devemos destacar, s\u00e3o os anos que v\u00eam maus, estamos desesperados e as abelhas em apenas uma semana salvam a \u00e9poca, pois elas sabem muito bem que ou d\u00e3o tudo nessa semana, ou estar\u00e1 em risco a sua sobreviv\u00eancia nos meses seguintes.<o:p><\/o:p><\/span><\/div>\n<div style=\"text-align: justify;\"><span style=\"font-size: 22.0pt; line-height: 115%;\">Com isto podemos afirmar que estamos perante uma abelha boa produtora de mel.<o:p><\/o:p><\/span><\/div>\n<div style=\"text-align: justify;\"><span style=\"font-size: 22.0pt; line-height: 115%;\"><br \/><\/span><\/div>\n<div style=\"text-align: justify;\"><b><span style=\"font-size: 22.0pt; line-height: 115%;\">4\u00aa \u2013 Excelente produtora de p\u00f3len;<o:p><\/o:p><\/span><\/b><\/div>\n<div style=\"text-align: justify;\"><b><span style=\"font-size: 22.0pt; line-height: 115%;\"><br \/><\/span><\/b><\/div>\n<div style=\"text-align: justify;\"><span style=\"font-size: 22.0pt; line-height: 115%;\">Esta \u00e9 outra das excelentes caracter\u00edsticas da ra\u00e7a ib\u00e9rica, tal como a explos\u00e3o inicial de abelhas no in\u00edcio da \u00e9poca, a abelha ib\u00e9rica, \u00e9 a melhor colectora de p\u00f3len que existe, sendo altamente voraz na sua procura e colheita.<o:p><\/o:p><\/span><\/div>\n<div style=\"text-align: justify;\"><span style=\"font-size: 22.0pt; line-height: 115%;\"><br \/><\/span><\/div>\n<div style=\"text-align: justify;\"><span style=\"font-size: 22.0pt; line-height: 115%;\">Inicialmente foi descrita como uma m\u00e1 caracter\u00edstica, mas com o passar do tempo, com a quantidade de informa\u00e7\u00e3o que existe ao n\u00edvel da nutri\u00e7\u00e3o de abelhas \u00e9 sem d\u00favida uma caracter\u00edstica que lhe permite estar bem nutrida e resistir \u00e0s doen\u00e7as, especialmente \u00e0 nosema.<o:p><\/o:p><\/span><\/div>\n<div style=\"text-align: justify;\"><span style=\"font-size: 22.0pt; line-height: 115%;\"><br \/><\/span><\/div>\n<div style=\"text-align: justify;\"><span style=\"font-size: 22.0pt; line-height: 115%;\">Na perspectiva de apicultor, apesar de n\u00e3o ser nada agrad\u00e1vel colher p\u00f3len nas al\u00e7as de mel, para quem quer produzir p\u00f3len n\u00e3o existe melhor ra\u00e7a que a nossa. Para os que prestam servi\u00e7os de poliniza\u00e7\u00e3o, a mesma situa\u00e7\u00e3o, pois estamos perante uma ra\u00e7a extraordin\u00e1ria para prestar um bom servi\u00e7o aos clientes.<o:p><\/o:p><\/span><\/div>\n<div style=\"text-align: justify;\"><span style=\"font-size: 22.0pt; line-height: 115%;\"><br \/><\/span><\/div>\n<div style=\"text-align: justify;\"><b><span style=\"font-size: 22.0pt; line-height: 115%;\">5\u00aa \u2013 Boa produtora de veneno de abelha;<o:p><\/o:p><\/span><\/b><\/div>\n<div style=\"text-align: justify;\"><b><span style=\"font-size: 22.0pt; line-height: 115%;\"><br \/><\/span><\/b><\/div>\n<div style=\"text-align: justify;\"><span style=\"font-size: 22.0pt; line-height: 115%;\">Nem tudo \u00e9 mau por possuirmos uma abelha mais nervosa que as restantes, pois segundo a experi\u00eancia de alguns colegas, \u00e9 uma abelha que ataca com mais facilidade e de forma mais forte o aparelho de coleta de veneno.<o:p><\/o:p><\/span><\/div>\n<div style=\"text-align: justify;\"><span style=\"font-size: 22.0pt; line-height: 115%;\"><br \/><\/span><\/div>\n<div style=\"text-align: justify;\"><b><span style=\"font-size: 22.0pt; line-height: 115%;\">6\u00aa \u2013 Eficiente termoregula\u00e7\u00e3o do ninho;<o:p><\/o:p><\/span><\/b><\/div>\n<div style=\"text-align: justify;\"><b><span style=\"font-size: 22.0pt; line-height: 115%;\"><br \/><\/span><\/b><\/div>\n<div style=\"text-align: justify;\"><span style=\"font-size: 22.0pt; line-height: 115%;\">Uma caracter\u00edstica que est\u00e1 directamente relacionada com as duas primeiras caracter\u00edsticas atr\u00e1s descritas, mas tamb\u00e9m pela sua resist\u00eancia a temperaturas extremas, sejam elas baixas ou altas.<o:p><\/o:p><\/span><\/div>\n<div style=\"text-align: justify;\"><span style=\"font-size: 22.0pt; line-height: 115%;\"><br \/><\/span><\/div>\n<div style=\"text-align: justify;\"><span style=\"font-size: 22.0pt; line-height: 115%;\">Quanto \u00e0s temperaturas baixas, n\u00e3o \u00e9 nenhuma surpresa para as abelhas em geral, contudo, em rela\u00e7\u00e3o \u00e0s altas temperaturas, onde muitas vezes chegam a derreter as ceras que est\u00e3o dentro do ninho, a nossa abelha est\u00e1 perfeitamente adaptada e apesar de um grande esfor\u00e7o ela sobrevive ao calor intenso que se faz sentir em algumas zonas do pa\u00eds, onde, al\u00e9m disso consegue ainda produzir meladas, nestas regi\u00f5es extremamente secas e quentes. Como \u00e9 o caso da regi\u00e3o onde nos encontramos.<o:p><\/o:p><\/span><\/div>\n<div style=\"text-align: justify;\"><span style=\"font-size: 22.0pt; line-height: 115%;\"><br \/><\/span><\/div>\n<div style=\"text-align: justify;\"><b><span style=\"font-size: 22.0pt; line-height: 115%;\">7\u00aa \u2013 Junto com a <i>mell\u00edfera mell\u00edfera<\/i> \u00e9 a abelha com o corpo maior, em rela\u00e7\u00e3o a outras subesp\u00e9cies.<o:p><\/o:p><\/span><\/b><\/div>\n<div style=\"text-align: justify;\"><b><span style=\"font-size: 22.0pt; line-height: 115%;\"><br \/><\/span><\/b><\/div>\n<div style=\"text-align: justify;\"><span style=\"font-size: 22.0pt; line-height: 115%;\">Este tamanho permite-lhe ter um melhor metabolismo para produ\u00e7\u00e3o de calor, caso seja necess\u00e1rio.<o:p><\/o:p><\/span><\/div>\n<div style=\"text-align: justify;\"><span style=\"font-size: 22.0pt; line-height: 115%;\"><br \/><\/span><\/div>\n<div style=\"clear: both; text-align: center;\"><a href=\"https:\/\/www.valedorosmaninho.com\/wp-content\/uploads\/2017\/05\/1978296_653091898078643_699960591_o.jpg\" style=\"margin-left: 1em; margin-right: 1em;\"><img loading=\"lazy\" decoding=\"async\" border=\"0\" height=\"277\" src=\"https:\/\/www.valedorosmaninho.com\/wp-content\/uploads\/2017\/05\/1978296_653091898078643_699960591_o-300x209.jpg\" width=\"400\" \/><\/a><\/div>\n<div align=\"center\" style=\"text-align: center;\"><\/div>\n<div style=\"text-align: justify;\"><\/div>\n<div style=\"text-align: justify;\"><b><span style=\"font-size: 22.0pt; line-height: 115%;\">8\u00aa \u2013 \u00c9 uma abelha que quebra a postura sempre que n\u00e3o existam condi\u00e7\u00f5es favor\u00e1veis no exterior;<o:p><\/o:p><\/span><\/b><\/div>\n<div style=\"text-align: justify;\"><b><span style=\"font-size: 22.0pt; line-height: 115%;\"><br \/><\/span><\/b><\/div>\n<div style=\"text-align: justify;\"><span style=\"font-size: 22.0pt; line-height: 115%;\">Esta caracter\u00edstica, \u00e9 de extrema import\u00e2ncia na sustentabilidade das col\u00f3nias, pois as abelhas caso n\u00e3o quebrem a postura, ao possu\u00edrem sempre cria\u00e7\u00e3o, v\u00e3o consumindo as reservas que t\u00eam, at\u00e9 que acabam por morrer de fome, ou enfraquecer a n\u00edveis irrevers\u00edveis.<o:p><\/o:p><\/span><\/div>\n<div style=\"text-align: justify;\"><span style=\"font-size: 22.0pt; line-height: 115%;\"><br \/><\/span><\/div>\n<div style=\"text-align: justify;\"><span style=\"font-size: 22.0pt; line-height: 115%;\">\u00c9 important\u00edssimo, que as abelhas sintam quando podem ou n\u00e3o crescer, pois inclusivamente ao n\u00edvel da apicultura, n\u00e3o nos podemos dar ao luxo de perder tempo em monitorizar constantemente as colmeias para que n\u00e3o morram de fome\u2026 e pior, gastar constantemente dinheiro em alimenta\u00e7\u00e3o.<o:p><\/o:p><\/span><\/div>\n<div style=\"text-align: justify;\"><span style=\"font-size: 22.0pt; line-height: 115%;\"><br \/><\/span><\/div>\n<div style=\"text-align: justify;\"><b><span style=\"font-size: 22.0pt; line-height: 115%;\">9\u00aa \u2013 Uso eficiente das reservas alimentares que tem durante os per\u00edodos de car\u00eancia;<o:p><\/o:p><\/span><\/b><\/div>\n<div style=\"text-align: justify;\"><b><span style=\"font-size: 22.0pt; line-height: 115%;\"><br \/><\/span><\/b><\/div>\n<div style=\"text-align: justify;\"><span style=\"font-size: 22.0pt; line-height: 115%;\">O facto de quebrar a postura e ter uma grande capacidade de termoregula\u00e7\u00e3o, consegue manter a temperatura adequada no ninho, consumindo o m\u00ednimo de reservas poss\u00edvel.<o:p><\/o:p><\/span><\/div>\n<div style=\"text-align: justify;\"><span style=\"font-size: 22.0pt; line-height: 115%;\"><br \/><\/span><\/div>\n<div style=\"text-align: justify;\"><b><span style=\"font-size: 22.0pt; line-height: 115%;\">10\u00aa \u2013 Resist\u00eancia a doen\u00e7as;<o:p><\/o:p><\/span><\/b><\/div>\n<div style=\"text-align: justify;\"><b><span style=\"font-size: 22.0pt; line-height: 115%;\"><br \/><\/span><\/b><\/div>\n<div style=\"text-align: justify;\"><span style=\"font-size: 22.0pt; line-height: 115%;\">Se fizermos an\u00e1lises a todas as colmeias em Portugal, ficar\u00edamos surpreendidos por encontrar esporos de nosema em quase todas elas e inclusivamente loque americana e ascosferiose. Pois n\u00e3o \u00e9 por acaso que quando as colmeias sofrem de algum dist\u00farbio, por exemplo de varroa, possam vir a contrair outras doen\u00e7as. Elas j\u00e1 l\u00e1 estavam, contudo as abelhas t\u00eam-nas controladas e n\u00e3o as deixam desenvolver.<o:p><\/o:p><\/span><\/div>\n<div style=\"text-align: justify;\"><span style=\"font-size: 22.0pt; line-height: 115%;\"><br \/><\/span><\/div>\n<div style=\"text-align: justify;\"><span style=\"font-size: 22.0pt; line-height: 115%;\">Damos muito o exemplo de quando tivemos outras ra\u00e7as, especialmente italiana e buckfast, apesar ser muito raro o surgimento de loque americana na nossa explora\u00e7\u00e3o, a maioria das col\u00f3nias das outras ra\u00e7as ficou infectada com loque, quando as ib\u00e9ricas ao lado estavam perfeitamente s\u00e3s. Se bem que as buckfast este problema foi inferior em rela\u00e7\u00e3o \u00e0s italianas.<o:p><\/o:p><\/span><\/div>\n<div style=\"text-align: justify;\"><span style=\"font-size: 22.0pt; line-height: 115%;\"><br \/><\/span><\/div>\n<div style=\"text-align: justify;\"><span style=\"font-size: 22.0pt; line-height: 115%;\">Nos pa\u00edses que t\u00eam como base o uso de abelhas italianas (Ligustica), os problemas de loque americana s\u00e3o constantes, e, ou fazem tratamentos preventivos com \u201cTerramicina\u201d, como \u00e9 o caso dos USA, ou escondem a todo o custo este problema, como \u00e9 o caso da It\u00e1lia, Am\u00e9rica do Sul, etc.<o:p><\/o:p><\/span><\/div>\n<div style=\"text-align: justify;\"><span style=\"font-size: 22.0pt; line-height: 115%;\"><br \/><\/span><\/div>\n<div style=\"text-align: justify;\"><span style=\"font-size: 22.0pt; line-height: 115%;\">Em Portugal, existem j\u00e1 v\u00e1rios apicultores que conheceram a loque americana atrav\u00e9s das experi\u00eancias com a ra\u00e7a italiana e Buckfast, contudo, quem as vende, especialmente as Buckfast diz que s\u00e3o resistentes a todas as doen\u00e7as.<o:p><\/o:p><\/span><\/div>\n<div style=\"text-align: justify;\"><span style=\"font-size: 22.0pt; line-height: 115%;\"><br \/><\/span><\/div>\n<div style=\"text-align: justify;\"><span style=\"font-size: 22.0pt; line-height: 115%;\">Com a ra\u00e7a ib\u00e9rica, apesar de sabermos que possam surgir diversas doen\u00e7as, normalmente est\u00e1 relacionado com um mau maneio por parte do apicultor e n\u00e3o por quest\u00f5es gen\u00e9ticas.<o:p><\/o:p><\/span><\/div>\n<div style=\"text-align: justify;\"><span style=\"font-size: 22.0pt; line-height: 115%;\"><br \/><\/span><\/div>\n<div style=\"text-align: justify;\"><span style=\"font-size: 22.0pt; line-height: 115%;\">Se fizermos testes higi\u00e9nicos \u00e0s nossas abelhas, geralmente os n\u00edveis percentuais de limpeza dos alv\u00e9olos s\u00e3o bastante elevados, sempre acima de 80%.<o:p><\/o:p><\/span><\/div>\n<div style=\"text-align: justify;\"><span style=\"font-size: 22.0pt; line-height: 115%;\"><br \/><\/span><\/div>\n<div style=\"text-align: justify;\"><b><span style=\"font-size: 22.0pt; line-height: 115%;\">11\u00aa \u2013 Um bom Poder de voo;<o:p><\/o:p><\/span><\/b><\/div>\n<div style=\"text-align: justify;\"><b><span style=\"font-size: 22.0pt; line-height: 115%;\"><br \/><\/span><\/b><\/div>\n<div style=\"text-align: justify;\"><span style=\"font-size: 22.0pt; line-height: 115%;\">A abelha ib\u00e9rica \u00e9 uma abelha que consegue voar mais longe na coleta de n\u00e9ctar e p\u00f3len, em compara\u00e7\u00e3o com outras ra\u00e7as. Uma caracter\u00edstica que pode ser uma vantagem quando os recursos s\u00e3o limitados, pois o seu raio de \u201cpastoreio\u201d \u00e9 maior.<o:p><\/o:p><\/span><\/div>\n<div style=\"text-align: justify;\"><span style=\"font-size: 22.0pt; line-height: 115%;\"><br \/><\/span><\/div>\n<div style=\"text-align: justify;\"><b><span style=\"font-size: 22.0pt; line-height: 115%;\">12\u00aa \u2013 Grande longevidade;<o:p><\/o:p><\/span><\/b><\/div>\n<div style=\"text-align: justify;\"><b><span style=\"font-size: 22.0pt; line-height: 115%;\"><br \/><\/span><\/b><\/div>\n<div style=\"text-align: justify;\"><span style=\"font-size: 22.0pt; line-height: 115%;\">&nbsp;A abelha ib\u00e9rica \u00e9 uma das ra\u00e7as em que as abelhas vivem mais tempo. O facto das abelhas viverem mais tempo, permite que cada individuo contribua um pouco mais em todas as tarefas que envolvem a sua comunidade, sendo bastante positivo na estabilidade da mesma.<o:p><\/o:p><\/span><\/div>\n<div style=\"text-align: justify;\"><span style=\"font-size: 22.0pt; line-height: 115%;\"><br \/><\/span><\/div>\n<div style=\"text-align: justify;\"><b><span style=\"font-size: 22.0pt; line-height: 115%;\">13\u00aa \u2013 Apiteratia for\u00e7ada e gratuita;<o:p><\/o:p><\/span><\/b><\/div>\n<div style=\"text-align: justify;\"><b><span style=\"font-size: 22.0pt; line-height: 115%;\"><br \/><\/span><\/b><\/div>\n<div style=\"text-align: justify;\"><span style=\"font-size: 22.0pt; line-height: 115%;\">Colocado apenas por brincadeira, mas \u00e9 uma realidade. \u00c9 raro o dia que n\u00e3o somos picados, pois estamos perante uma abelha nervosa. Sendo verdade o que dizem sobre os benef\u00edcios do veneno da abelha\u2026 tamb\u00e9m temos de considerar esta caracter\u00edstica como positiva!<o:p><\/o:p><\/span><\/div>\n<div style=\"text-align: justify;\"><span style=\"font-size: 22.0pt; line-height: 115%;\"><br \/><\/span><\/div>\n<div style=\"text-align: justify;\"><b><span style=\"font-size: 22.0pt; line-height: 115%;\">M\u00e1s caracter\u00edsticas da abelha ib\u00e9rica<o:p><\/o:p><\/span><\/b><\/div>\n<div style=\"text-align: justify;\"><b><span style=\"font-size: 22.0pt; line-height: 115%;\"><br \/><\/span><\/b><\/div>\n<div style=\"text-align: justify;\"><span style=\"font-size: 22.0pt; line-height: 115%;\">Nem tudo s\u00e3o rosas, e temos que assumir que a abelha ib\u00e9rica possui algumas caracter\u00edsticas que para os apicultores mais exigentes e especialmente os hobbistas, n\u00e3o s\u00e3o favor\u00e1veis, pois dificultam o seu maneio e prazer em praticar esta actividade.<o:p><\/o:p><\/span><\/div>\n<div style=\"text-align: justify;\"><\/div>\n<div style=\"text-align: justify;\"><b><span style=\"font-size: 22.0pt; line-height: 115%;\">1\u00aa \u2013 Agressividade\/Defensividade;<o:p><\/o:p><\/span><\/b><\/div>\n<div style=\"text-align: justify;\"><b><span style=\"font-size: 22.0pt; line-height: 115%;\"><br \/><\/span><\/b><\/div>\n<div style=\"text-align: justify;\"><span style=\"font-size: 22.0pt; line-height: 115%;\">Como sabemos a nossa abelha ib\u00e9rica \u00e9 uma abelha nervosa e ataca com muita facilidade. \u00c9 uma abelha que pica facilmente.<o:p><\/o:p><\/span><\/div>\n<div style=\"text-align: justify;\"><span style=\"font-size: 22.0pt; line-height: 115%;\"><br \/><\/span><\/div>\n<div style=\"text-align: justify;\"><span style=\"font-size: 22.0pt; line-height: 115%;\">Digamos que tem um grande instinto de autodefesa.<o:p><\/o:p><\/span><\/div>\n<div style=\"text-align: justify;\"><span style=\"font-size: 22.0pt; line-height: 115%;\"><br \/><\/span><\/div>\n<div style=\"text-align: justify;\"><span style=\"font-size: 22.0pt; line-height: 115%;\">Os apicultores hobbistas preferem abelhas mansas, que lhe permitam praticar uma apicultura de puro prazer e romantismo e inclusivamente manter as colmeias junto a casas habitadas. Quanto aos profissionais, n\u00e3o \u00e9 que n\u00e3o gostem de abelhas mais calmas, mas \u00e9 um aspecto secund\u00e1rio.<o:p><\/o:p><\/span><\/div>\n<div style=\"text-align: justify;\"><span style=\"font-size: 22.0pt; line-height: 115%;\"><br \/><\/span><\/div>\n<div style=\"text-align: justify;\"><span style=\"font-size: 22.0pt; line-height: 115%;\">\u00c9 uma caracter\u00edstica que facilmente \u00e9 contornada com o uso do fumo, mas temos que assumir que deveria ser melhorada. Contudo, nunca ao ponto das chamadas \u201cabelhas burras\u201d, que ficam paradas sem nada fazer, pois as abelhas n\u00e3o podem perder a sua capacidade de autodefesa.<o:p><\/o:p><\/span><\/div>\n<div style=\"text-align: justify;\"><\/div>\n<div style=\"text-align: justify;\"><b><span style=\"font-size: 22.0pt; line-height: 115%;\">2\u00aa \u2013 Comportamento irrequieto nos quadros;<o:p><\/o:p><\/span><\/b><\/div>\n<div style=\"text-align: justify;\"><b><span style=\"font-size: 22.0pt; line-height: 115%;\"><br \/><\/span><\/b><\/div>\n<div style=\"text-align: justify;\"><span style=\"font-size: 22.0pt; line-height: 115%;\">Esta \u00e9 uma caracter\u00edstica comum em algumas col\u00f3nias. Quando levantamos o quadro, ou as abelhas se movimentam por todo o lado ou voam. Apesar disso, s\u00e3o muitas as que se encontram que possuem um comportamento calmo.<o:p><\/o:p><\/span><\/div>\n<div style=\"text-align: justify;\"><span style=\"font-size: 22.0pt; line-height: 115%;\">\u00c9 uma caracter\u00edstica que pode prejudicar o maneio, caso estejamos \u00e0 procura da rainha.<o:p><\/o:p><\/span><\/div>\n<div style=\"text-align: justify;\"><span style=\"font-size: 22.0pt; line-height: 115%;\"><br \/><\/span><\/div>\n<div style=\"text-align: justify;\"><b><span style=\"font-size: 22.0pt; line-height: 115%;\">3\u00aa \u2013 Enxamea\u00e7\u00e3o;<o:p><\/o:p><\/span><\/b><\/div>\n<div style=\"text-align: justify;\"><b><span style=\"font-size: 22.0pt; line-height: 115%;\"><br \/><\/span><\/b><\/div>\n<div style=\"text-align: justify;\"><span style=\"font-size: 22.0pt; line-height: 115%;\">Esta \u00e9 sem d\u00favida a \u00fanica caracter\u00edstica m\u00e1 da abelha ib\u00e9rica, que nos deve preocupar a n\u00f3s apicultores, que temos como objectivo ter abelhas vivas e saud\u00e1veis em plena produ\u00e7\u00e3o.<o:p><\/o:p><\/span><\/div>\n<div style=\"text-align: justify;\"><span style=\"font-size: 22.0pt; line-height: 115%;\"><br \/><\/span><\/div>\n<div style=\"text-align: justify;\"><span style=\"font-size: 22.0pt; line-height: 115%;\">Sabemos que \u00e9 a forma de reprodu\u00e7\u00e3o das abelhas, tal como ocorre em qualquer outro ser vivo, contudo, esta caracter\u00edstica reprodutiva vincada, baixa a nossa produ\u00e7\u00e3o m\u00e9dia de mel, caso nada fa\u00e7amos ao n\u00edvel do maneio.<o:p><\/o:p><\/span><\/div>\n<div style=\"text-align: justify;\"><span style=\"font-size: 22.0pt; line-height: 115%;\"><br \/><\/span><\/div>\n<div style=\"text-align: justify;\"><span style=\"font-size: 22.0pt; line-height: 115%;\">\u00c9 talvez a caracter\u00edstica que nos rouba mais tempo durante a \u00e9poca de produ\u00e7\u00e3o, provocando um esgotamento completo ao apicultor, caso estejamos dedicados a 100% \u00e0 produ\u00e7\u00e3o de mel e empenhados em produzir o m\u00e1ximo poss\u00edvel.<o:p><\/o:p><\/span><\/div>\n<div style=\"text-align: justify;\"><span style=\"font-size: 22.0pt; line-height: 115%;\"><br \/><\/span><\/div>\n<div style=\"text-align: justify;\"><span style=\"font-size: 22.0pt; line-height: 115%;\">\u00c9 uma caracter\u00edstica que pode ser facilmente resolvida com a introdu\u00e7\u00e3o anual de rainhas novas, pois pela experi\u00eancia que temos, s\u00e3o poucas as rainhas novas que enxameiam, e quando enxameiam \u00e9 por mau maneio do apicultor ou anos excepcionais, como o caso de 2016.<o:p><\/o:p><\/span><\/div>\n<div style=\"text-align: justify;\"><span style=\"font-size: 22.0pt; line-height: 115%;\"><br \/><\/span><\/div>\n<div style=\"text-align: justify;\"><span style=\"font-size: 22.0pt; line-height: 115%;\">\u00c9 uma caracter\u00edstica produtiva que a meu ver \u00e9 a principal que n\u00f3s criadores de rainhas nos dever\u00edamos focar, pois seria uma grande ajuda ao apicultor.<o:p><\/o:p><\/span><\/div>\n<div><span style=\"font-size: 22.0pt; line-height: 115%;\">&#8212;&#8212;&#8212;&#8212;&#8212;&#8212;&#8212;&#8212;&#8212;&#8212;&#8212;&#8212;&#8212;&#8212;<o:p><\/o:p><\/span><\/div>\n<div style=\"text-align: justify;\"><span style=\"font-size: 22.0pt; line-height: 115%;\">Do nosso ponto de vista, foram enumeradas as principais caracter\u00edsticas da abelha ib\u00e9rica, estando certo que quem tenha muita experi\u00eancia com esta ra\u00e7a e alguma confid\u00eancia com as estas abelhas concordar\u00e1 que a abelha ib\u00e9rica tem mais pontos positivos do que negativos e que o facto de ser enxameadora e picadora n\u00e3o \u00e9 motivo para radicalismos ao ponto de desejarmos substituir esta ra\u00e7a por outra.<o:p><\/o:p><\/span><\/div>\n<div style=\"text-align: justify;\"><\/div>\n<h2 style=\"text-align: justify;\"><b><span style=\"font-size: 22.0pt; line-height: 115%;\"><i>&#8220;Selec\u00e7\u00e3o pr\u00e1tica da Abelha Ib\u00e9rica&#8221;<\/i><\/span><\/b><\/h2>\n<div style=\"text-align: justify;\"><b><span style=\"font-size: 22.0pt; line-height: 115%;\"><br \/><\/span><\/b><\/div>\n<div style=\"text-align: justify;\"><span style=\"font-size: 22.0pt; line-height: 115%;\">Uma vez que a selec\u00e7\u00e3o natural n\u00e3o selecciona unicamente as caracter\u00edsticas produtivas, temos de ser n\u00f3s humanos a contribuir para esse objectivo.<o:p><\/o:p><\/span><\/div>\n<div style=\"text-align: justify;\"><span style=\"font-size: 22.0pt; line-height: 115%;\"><br \/><\/span><\/div>\n<div style=\"text-align: justify;\"><span style=\"font-size: 22.0pt; line-height: 115%;\">Ao contr\u00e1rio dos restantes programas de selec\u00e7\u00e3o usados para outras esp\u00e9cies animais, que s\u00e3o controlados na totalidade pelos criadores, no caso das abelhas, a fecunda\u00e7\u00e3o das rainhas ocorre fora das colmeias, em zonas de congrega\u00e7\u00e3o de zang\u00f5es, dificultando a tarefa de selec\u00e7\u00e3o, a n\u00e3o ser que se recorra \u00e0 insemina\u00e7\u00e3o artificial ou esta\u00e7\u00f5es de fecunda\u00e7\u00e3o.<o:p><\/o:p><\/span><\/div>\n<div style=\"text-align: justify;\"><span style=\"font-size: 22.0pt; line-height: 115%;\"><br \/><\/span><\/div>\n<div style=\"text-align: justify;\"><span style=\"font-size: 22.0pt; line-height: 115%;\">A outra diferen\u00e7a est\u00e1 assente na poligamia das rainhas. As rainhas virgens podem fecundar-se com 5 a 30 machos, provocando que dentro da mesma colmeia, apesar da m\u00e3e ser a mesma, existem abelhas filhas do mesmo pai, ou de pais distintos. Na realidade existem grupos de irm\u00e3s filhas de pais distintos.<o:p><\/o:p><\/span><\/div>\n<div style=\"text-align: justify;\"><span style=\"font-size: 22.0pt; line-height: 115%;\"><br \/><\/span><\/div>\n<div style=\"text-align: justify;\"><span style=\"font-size: 22.0pt; line-height: 115%;\">A conjuga\u00e7\u00e3o destes grupos de irm\u00e3s pode definir a qualidade ou n\u00e3o de uma col\u00f3nia em rela\u00e7\u00e3o a determinada caracter\u00edstica, pois podemos ter uma rainha de boa qualidade gen\u00e9tica e produzir filhas de m\u00e1 qualidade, como podemos ter rainhas de m\u00e1 qualidade gen\u00e9tica e produzir filhas de grande qualidade. \u00c9 um assunto complexo.<o:p><\/o:p><\/span><\/div>\n<div style=\"text-align: justify;\"><span style=\"font-size: 22.0pt; line-height: 115%;\"><br \/><\/span><\/div>\n<div style=\"text-align: justify;\"><span style=\"font-size: 22.0pt; line-height: 115%;\">De forma geral, necessitamos abelhas produtivas, resistentes a doen\u00e7as e bem adaptadas ao nosso territ\u00f3rio, sendo o comportamento defensivo (agressividade) pouco importante, da\u00ed, que na apicultura profissional ib\u00e9rica, esta ultima caracter\u00edstica tenha sido sempre desvalorizada, se bem que todos s\u00e3o da opini\u00e3o que se tiv\u00e9ssemos uma abelha mais mansa o maneio seria mais f\u00e1cil.<o:p><\/o:p><\/span><\/div>\n<div style=\"text-align: justify;\"><\/div>\n<div style=\"text-align: justify;\"><b><span style=\"font-size: 22.0pt; line-height: 115%;\">Tamanho da popula\u00e7\u00e3o de abelhas ib\u00e9ricas em Portugal<o:p><\/o:p><\/span><\/b><\/div>\n<div style=\"text-align: justify;\"><b><span style=\"font-size: 22.0pt; line-height: 115%;\"><br \/><\/span><\/b><\/div>\n<div style=\"text-align: justify;\"><span style=\"font-size: 22.0pt; line-height: 115%;\">Em condi\u00e7\u00f5es normais as abelhas obreiras n\u00e3o participam na propaga\u00e7\u00e3o dos genes, sendo a sua transmiss\u00e3o assegurada apenas pelas rainhas e zang\u00f5es, que s\u00e3o bem menos numerosos.<o:p><\/o:p><\/span><\/div>\n<div style=\"text-align: justify;\"><span style=\"font-size: 22.0pt; line-height: 115%;\"><br \/><\/span><\/div>\n<div style=\"text-align: justify;\"><span style=\"font-size: 22.0pt; line-height: 115%;\">A popula\u00e7\u00e3o de abelhas \u00e9 calculada atrav\u00e9s do numero de rainhas e da quantidade m\u00e9dia de zang\u00f5es com que ela de cruzou.<o:p><\/o:p><\/span><\/div>\n<div style=\"text-align: justify;\"><span style=\"font-size: 22.0pt; line-height: 115%;\"><br \/><\/span><\/div>\n<div style=\"text-align: justify;\"><span style=\"font-size: 22.0pt; line-height: 115%;\">Uma vez que as rainhas s\u00e3o dipl\u00f3ides e os machos haploides quer dizer que as rainhas t\u00eam duas c\u00f3pias de cada gene e os zang\u00f5es apenas uma.<o:p><\/o:p><\/span><\/div>\n<div style=\"text-align: justify;\"><span style=\"font-size: 22.0pt; line-height: 115%;\"><br \/><\/span><\/div>\n<div style=\"text-align: justify;\"><span style=\"font-size: 22.0pt; line-height: 115%;\">Assumindo que em m\u00e9dia cada rainha se cruza com 15 machos, teremos ent\u00e3o 17 c\u00f3pias de cada gene por col\u00f3nia.<o:p><\/o:p><\/span><\/div>\n<div style=\"text-align: justify;\"><span style=\"font-size: 22.0pt; line-height: 115%;\">S\u00f3 atrav\u00e9s desta singularidade poderemos calcular atrav\u00e9s de uma f\u00f3rmula o tamanho real de uma popula\u00e7\u00e3o de abelhas.<o:p><\/o:p><\/span><\/div>\n<div style=\"text-align: justify;\"><span style=\"font-size: 22.0pt; line-height: 115%;\"><br \/><\/span><\/div>\n<div style=\"text-align: justify;\"><span style=\"font-size: 22.0pt; line-height: 115%;\">F\u00f3rmula: <b>1\/Ne = 4\/9 Nf + 2\/9Nm<\/b>, onde <b>Nf<\/b> \u00e9 o n\u00famero de rainhas e <b>Nm<\/b> a m\u00e9dia de machos que fecundaram as rainhas.<o:p><\/o:p><\/span><\/div>\n<div style=\"text-align: justify;\"><span style=\"font-size: 22.0pt; line-height: 115%;\"><br \/><\/span><\/div>\n<div style=\"text-align: justify;\"><span style=\"font-size: 22.0pt; line-height: 115%;\">Atrav\u00e9s desta f\u00f3rmula, assumindo que temos 100 col\u00f3nias com rainhas e 1500 machos (15 de m\u00e9dia), o tamanho da popula\u00e7\u00e3o \u00e9 de apenas <b>218 individuos<\/b>.<o:p><\/o:p><\/span><\/div>\n<div style=\"text-align: justify;\"><span style=\"font-size: 22.0pt; line-height: 115%;\"><br \/><\/span><\/div>\n<div style=\"text-align: justify;\"><span style=\"font-size: 22.0pt; line-height: 115%;\">Quanto maior for a popula\u00e7\u00e3o, menor ser\u00e3o as hip\u00f3teses de se perder diversidade gen\u00e9tica, seja pela introgress\u00e3o de outras ra\u00e7as, doen\u00e7as, etc.<o:p><\/o:p><\/span><\/div>\n<div style=\"text-align: justify;\"><span style=\"font-size: 22.0pt; line-height: 115%;\"><br \/><\/span><\/div>\n<div style=\"text-align: justify;\"><span style=\"font-size: 22.0pt; line-height: 115%;\">Felizmente 99% da popula\u00e7\u00e3o de abelhas em Portugal s\u00e3o aut\u00f3ctones, havendo boas perspectivas futuras para a ra\u00e7a ib\u00e9rica.<o:p><\/o:p><\/span><\/div>\n<div style=\"text-align: justify;\"><\/div>\n<div style=\"text-align: justify;\"><b><span style=\"font-size: 22.0pt; line-height: 115%;\">Regi\u00f5es puras para melhoria gen\u00e9tica<o:p><\/o:p><\/span><\/b><\/div>\n<div style=\"text-align: justify;\"><b><span style=\"font-size: 22.0pt; line-height: 115%;\"><br \/><\/span><\/b><\/div>\n<div style=\"text-align: justify;\"><span style=\"font-size: 22.0pt; line-height: 115%;\">A ideia seria fazer o que j\u00e1 se fez noutros pa\u00edses, que basicamente seria criar regi\u00f5es puras com abelhas seleccionadas, onde todas as col\u00f3nias existentes numa determinada regi\u00e3o teriam rainhas provenientes de um programa de selec\u00e7\u00e3o gen\u00e9tica.<o:p><\/o:p><\/span><\/div>\n<div style=\"text-align: justify;\"><span style=\"font-size: 22.0pt; line-height: 115%;\"><br \/><\/span><\/div>\n<div style=\"text-align: justify;\"><span style=\"font-size: 22.0pt; line-height: 115%;\">O objectivo passaria por fornecer rainhas seleccionadas a todos os apicultores existentes num raio de pelo menos 20Km de zonas de fecunda\u00e7\u00e3o, sendo que essas rainhas seriam introduzidas com o apoio de t\u00e9cnicos ap\u00edcolas. Desta forma assegur\u00e1vamos que a maioria dos machos que fecundassem as rainhas tivessem uma boa proveni\u00eancia gen\u00e9tica.<o:p><\/o:p><\/span><\/div>\n<div style=\"text-align: justify;\"><span style=\"font-size: 22.0pt; line-height: 115%;\"><br \/><\/span><\/div>\n<div style=\"text-align: justify;\"><span style=\"font-size: 22.0pt; line-height: 115%;\">Os apicultores teriam direito a rainhas de qualidade gratuitamente e em contrapartida, dariam o seu contributo para a melhoria gen\u00e9tica das abelhas aut\u00f3ctones.<o:p><\/o:p><\/span><\/div>\n<div style=\"text-align: justify;\"><span style=\"font-size: 22.0pt; line-height: 115%;\"><br \/><\/span><\/div>\n<div style=\"text-align: justify;\"><span style=\"font-size: 22.0pt; line-height: 115%;\">Pode parecer algo complicado de implementar, mas em algumas regi\u00f5es do pa\u00eds seria poss\u00edvel.<o:p><\/o:p><\/span><\/div>\n<div style=\"text-align: justify;\"><span style=\"font-size: 22.0pt; line-height: 115%;\"><br \/><\/span><\/div>\n<div style=\"text-align: justify;\"><span style=\"font-size: 22.0pt; line-height: 115%;\">Na impossibilidade de conseguir regi\u00f5es puras, a satura\u00e7\u00e3o da zona de fecunda\u00e7\u00e3o com machos seleccionados, pode ser outra op\u00e7\u00e3o bastante v\u00e1lida, sendo que neste caso \u00e9 aconselh\u00e1vel ter 15 a 20.000 machos seleccionados por cada 100 rainhas virgens.<o:p><\/o:p><\/span><\/div>\n<div style=\"text-align: justify;\"><span style=\"font-size: 22.0pt; line-height: 115%;\">Outras hip\u00f3teses seriam poss\u00edveis, mas neste tipo de situa\u00e7\u00f5es, devemos ser pr\u00e1ticos, descomplicando ao m\u00e1ximo este processo.<o:p><\/o:p><\/span><\/div>\n<div style=\"text-align: justify;\"><span style=\"font-size: 22.0pt; line-height: 115%;\"><br \/><\/span><\/div>\n<div style=\"text-align: justify;\"><b><span style=\"font-size: 22.0pt; line-height: 115%;\">Insemina\u00e7\u00e3o Artificial<o:p><\/o:p><\/span><\/b><\/div>\n<div style=\"text-align: justify;\"><b><span style=\"font-size: 22.0pt; line-height: 115%;\"><br \/><\/span><\/b><\/div>\n<div style=\"text-align: justify;\"><span style=\"font-size: 22.0pt; line-height: 115%;\">Quando o controle das fecunda\u00e7\u00f5es naturais n\u00e3o \u00e9 poss\u00edvel, a insemina\u00e7\u00e3o artificial (IA) \u00e9 a t\u00e9cnica mais segura de garantirmos o cruzamento entre os indiv\u00edduos que possuem as caracter\u00edsticas que desejamos.<o:p><\/o:p><\/span><\/div>\n<div style=\"text-align: justify;\"><span style=\"font-size: 22.0pt; line-height: 115%;\"><br \/><\/span><\/div>\n<div style=\"text-align: justify;\"><span style=\"font-size: 22.0pt; line-height: 115%;\">Rainhas filhas de col\u00f3nias seleccionadas, podem ser facilmente inseminadas com esperma de machos de outras col\u00f3nias com determinadas caracter\u00edsticas que desejamos cruzar.<o:p><\/o:p><\/span><\/div>\n<div style=\"text-align: justify;\"><span style=\"font-size: 22.0pt; line-height: 115%;\"><br \/><\/span><\/div>\n<div style=\"text-align: justify;\"><span style=\"font-size: 22.0pt; line-height: 115%;\">A IA, \u00e9 a forma mais simples e segura quando necessitamos garantir que os cruzamentos foram realmente efetuados entre as col\u00f3nias desejadas, ou seja, saber quem \u00e9 realmente o pai e a m\u00e3e, sendo essencial no sucesso de programas de selec\u00e7\u00e3o gen\u00e9tica de abelhas.<o:p><\/o:p><\/span><\/div>\n<div style=\"text-align: justify;\"><span style=\"font-size: 22.0pt; line-height: 115%;\"><br \/><\/span><\/div>\n<div style=\"text-align: justify;\"><span style=\"font-size: 22.0pt; line-height: 115%;\">Tamb\u00e9m \u00e9 uma forma segura de garantir que as rainhas foram bem \u201cfecundadas\u201d, pois por vezes, nas esta\u00e7\u00f5es de fecunda\u00e7\u00e3o estamos sujeitos \u00e0 meteorologia adversa, reduzindo consideravelmente o sucesso e qualidade da fecunda\u00e7\u00e3o.<o:p><\/o:p><\/span><\/div>\n<div style=\"text-align: justify;\"><span style=\"font-size: 22.0pt; line-height: 115%;\"><br \/><\/span><\/div>\n<div style=\"text-align: justify;\"><span style=\"font-size: 22.0pt; line-height: 115%;\">Esta t\u00e9cnica, permite-nos tamb\u00e9m, alcan\u00e7ar objectivos que seriam muito dif\u00edceis ou imposs\u00edveis em esta\u00e7\u00f5es de fecunda\u00e7\u00e3o, como \u00e9 o caso de obter distintos cruzamentos, fazendo diferentes experi\u00eancias, contornando as dificuldades em ter v\u00e1rias esta\u00e7\u00f5es, cada uma com o seu tipo de machos.<o:p><\/o:p><\/span><\/div>\n<div style=\"text-align: justify;\"><\/div>\n<div style=\"text-align: justify;\"><\/div>\n<div align=\"center\" style=\"text-align: center;\"><b><span style=\"font-size: 22.0pt; line-height: 115%;\">PROTOCOLO DO TESTE DE DESEMPENHO SMARTBEE<o:p><\/o:p><\/span><\/b><\/div>\n<div align=\"center\" style=\"text-align: center;\"><b><span style=\"font-size: 22.0pt; line-height: 115%;\"><br \/><\/span><\/b><\/div>\n<div style=\"clear: both; text-align: center;\"><a href=\"https:\/\/www.valedorosmaninho.com\/wp-content\/uploads\/2017\/05\/SMB-2BLogo_neu_1.jpg\" style=\"margin-left: 1em; margin-right: 1em;\"><img loading=\"lazy\" decoding=\"async\" border=\"0\" height=\"250\" src=\"https:\/\/www.valedorosmaninho.com\/wp-content\/uploads\/2017\/05\/SMB-2BLogo_neu_1.jpg\" width=\"400\" \/><\/a><\/div>\n<div align=\"center\" style=\"text-align: center;\"><\/div>\n<div style=\"text-align: justify;\"><\/div>\n<div style=\"text-align: justify;\"><b><span style=\"font-size: 22.0pt; line-height: 115%;\">Trata-se de um cons\u00f3rcio entre diversas institui\u00e7\u00f5es europeias, contudo gerido por um Centro de investiga\u00e7\u00e3o Ap\u00edcola Alem\u00e3o.<o:p><\/o:p><\/span><\/b><\/div>\n<div style=\"text-align: justify;\"><b><span style=\"font-size: 22.0pt; line-height: 115%;\"><br \/><\/span><\/b><\/div>\n<div style=\"text-align: justify;\"><b><span style=\"font-size: 22.0pt; line-height: 115%;\">OBJETIVOS:<o:p><\/o:p><\/span><\/b><\/div>\n<div style=\"text-align: justify;\"><b><span style=\"font-size: 22.0pt; line-height: 115%;\"><br \/><\/span><\/b><\/div>\n<div style=\"text-align: justify;\"><span style=\"font-size: 22.0pt; line-height: 115%;\">&#8211; Preservar a diversidade natural da abelha mel\u00edfera;<o:p><\/o:p><\/span><\/div>\n<div style=\"text-align: justify;\"><span style=\"font-size: 22.0pt; line-height: 115%;\">&#8211; Melhorar o desempenho e a vitalidade da abelha mel\u00edfera;<o:p><\/o:p><\/span><\/div>\n<div style=\"text-align: justify;\"><span style=\"font-size: 22.0pt; line-height: 115%;\">&#8211; Reduzir a perca de col\u00f3nias e a depend\u00eancia de tratamentos terap\u00eauticos;<o:p><\/o:p><\/span><\/div>\n<div style=\"text-align: justify;\"><span style=\"font-size: 22.0pt; line-height: 115%;\">O projecto SMARTBEE, est\u00e1 a apoiar actividades de cria\u00e7\u00e3o de rainhas locais para todas as subesp\u00e9cies europeias, com especial enf\u00e2se aquelas que t\u00eam sido negligenciadas, como \u00e9 o caso da abelha ib\u00e9rica.<o:p><\/o:p><\/span><\/div>\n<div style=\"text-align: justify;\"><span style=\"font-size: 22.0pt; line-height: 115%;\">Est\u00e3o a ser implementadas no terreno as t\u00e9cnicas mais actuais para testar o desempenho, identificar caracter\u00edsticas de resist\u00eancia, avaliar dados e estabelecer um programa de maneio adequado.<o:p><\/o:p><\/span><\/div>\n<div style=\"text-align: justify;\"><span style=\"font-size: 22.0pt; line-height: 115%;\"><br \/><\/span><\/div>\n<div style=\"text-align: justify;\"><b><span style=\"font-size: 22.0pt; line-height: 115%;\">CICLO DO PROGRAMA<o:p><\/o:p><\/span><\/b><\/div>\n<div style=\"text-align: justify;\"><b><span style=\"font-size: 22.0pt; line-height: 115%;\"><br \/><\/span><\/b><\/div>\n<div style=\"text-align: justify;\"><span style=\"font-size: 22.0pt; line-height: 115%;\">O SMARTBEES est\u00e1 focado na identifica\u00e7\u00e3o, cria\u00e7\u00e3o e propaga\u00e7\u00e3o de abelhas localmente adaptadas e com elevado desempenho e caracter\u00edsticas de resist\u00eancia \u00e0 varroa destructor.<o:p><\/o:p><\/span><\/div>\n<div style=\"text-align: justify;\"><span style=\"font-size: 22.0pt; line-height: 115%;\"><br \/><\/span><\/div>\n<div style=\"text-align: justify;\"><span style=\"font-size: 22.0pt; line-height: 115%;\">A metodologia usada por este protocolo \u00e9 usada h\u00e1 mais de 20 anos na Alemanha, com resultados muito bons ao n\u00edvel da melhoria do desempenho das col\u00f3nias nas gera\u00e7\u00f5es seguintes.<o:p><\/o:p><\/span><\/div>\n<div style=\"text-align: justify;\"><span style=\"font-size: 22.0pt; line-height: 115%;\"><br \/><\/span><\/div>\n<div style=\"text-align: justify;\"><span style=\"font-size: 22.0pt; line-height: 115%;\">O apicultor \u00e9 o respons\u00e1vel pela gest\u00e3o do seu api\u00e1rio teste, implementa\u00e7\u00e3o de desempenho e produ\u00e7\u00e3o de rainhas para testar. <o:p><\/o:p><\/span><\/div>\n<div style=\"text-align: justify;\"><span style=\"font-size: 22.0pt; line-height: 115%;\"><br \/><\/span><\/div>\n<div style=\"text-align: justify;\"><span style=\"font-size: 22.0pt; line-height: 115%;\">Resumindo o programa, cada apicultor tem um api\u00e1rio teste, montado segundo um protocolo, onde possui no m\u00ednimo 3 grupos de rainhas distintas, sendo que cada grupo de rainhas s\u00e3o irm\u00e3s.<o:p><\/o:p><\/span><\/div>\n<div style=\"text-align: justify;\"><span style=\"font-size: 22.0pt; line-height: 115%;\"><br \/><\/span><\/div>\n<div style=\"text-align: justify;\"><span style=\"font-size: 22.0pt; line-height: 115%;\">Na realidade, cada um destes grupos de rainhas irm\u00e3s tem proveni\u00eancia de outros apicultores, tendo havido uma troca de rainhas, a fim de permitir que cada grupo, seja testado em condi\u00e7\u00f5es distintas no nosso territ\u00f3rio.<o:p><\/o:p><\/span><\/div>\n<div style=\"text-align: justify;\"><span style=\"font-size: 22.0pt; line-height: 115%;\"><br \/><\/span><\/div>\n<div style=\"text-align: justify;\"><span style=\"font-size: 22.0pt; line-height: 115%;\">Cada uma das col\u00f3nias \u00e9 marcada, a fim de poder ser poss\u00edvel monitoriza-la ao longo do tempo.<o:p><\/o:p><\/span><\/div>\n<div style=\"text-align: justify;\"><span style=\"font-size: 22.0pt; line-height: 115%;\"><br \/><\/span><\/div>\n<div style=\"text-align: justify;\"><span style=\"font-size: 22.0pt; line-height: 115%;\">As col\u00f3nias para introdu\u00e7\u00e3o destas rainhas s\u00e3o todas preparadas por todos os apicultores segundo a mesma metodologia.<o:p><\/o:p><\/span><\/div>\n<div style=\"text-align: justify;\"><span style=\"font-size: 22.0pt; line-height: 115%;\"><br \/><\/span><\/div>\n<div style=\"text-align: justify;\"><b><span style=\"font-size: 22.0pt; line-height: 115%;\">TESTE DE DESEMPENHO<o:p><\/o:p><\/span><\/b><\/div>\n<div style=\"text-align: justify;\"><b><span style=\"font-size: 22.0pt; line-height: 115%;\"><br \/><\/span><\/b><\/div>\n<div style=\"text-align: justify;\"><span style=\"font-size: 22.0pt; line-height: 115%;\">O teste de desempenho \u00e9 um procedimento para a avalia\u00e7\u00e3o das rainhas relativamente a determinadas caracter\u00edsticas de interesse, nomeadamente a resist\u00eancia \u00e0 varroa, havendo pelo menos 3 avalia\u00e7\u00f5es anuais e um acompanhamento mensal da varroa.<o:p><\/o:p><\/span><\/div>\n<div style=\"text-align: justify;\"><span style=\"font-size: 22.0pt; line-height: 115%;\"><br \/><\/span><\/div>\n<div style=\"text-align: justify;\"><b><span style=\"font-size: 22.0pt; line-height: 115%;\">CARACTERISTICAS TESTADAS<o:p><\/o:p><\/span><\/b><\/div>\n<div style=\"text-align: justify;\"><b><span style=\"font-size: 22.0pt; line-height: 115%;\"><br \/><\/span><\/b><\/div>\n<table border=\"0\" cellpadding=\"0\" cellspacing=\"0\" style=\"border-collapse: collapse; margin-left: 2.35pt; mso-padding-alt: 0cm 3.5pt 0cm 3.5pt; mso-yfti-tbllook: 1184; width: 579px;\">\n<tbody>\n<tr style=\"height: 16.5pt; mso-yfti-firstrow: yes; mso-yfti-irow: 0;\">\n<td nowrap=\"\" style=\"background: #D9D9D9; border: double windowtext 2.25pt; height: 16.5pt; padding: 0cm 3.5pt 0cm 3.5pt; width: 133.0pt;\" width=\"177\">\n<div align=\"center\" style=\"line-height: normal; margin-bottom: .0001pt; margin-bottom: 0cm; text-align: center;\"><b><span style=\"font-size: 12pt;\">Caracter\u00edsticas<o:p><\/o:p><\/span><\/b><\/div>\n<\/td>\n<td nowrap=\"\" style=\"background: #D9D9D9; border-left: none; border: double windowtext 2.25pt; height: 16.5pt; padding: 0cm 3.5pt 0cm 3.5pt; width: 116.0pt;\" width=\"155\">\n<div align=\"center\" style=\"line-height: normal; margin-bottom: .0001pt; margin-bottom: 0cm; text-align: center;\"><b><span style=\"font-size: 12pt;\">Metodologia<o:p><\/o:p><\/span><\/b><\/div>\n<\/td>\n<td nowrap=\"\" style=\"background: #D9D9D9; border-left: none; border: double windowtext 2.25pt; height: 16.5pt; padding: 0cm 3.5pt 0cm 3.5pt; width: 92.0pt;\" width=\"123\">\n<div align=\"center\" style=\"line-height: normal; margin-bottom: .0001pt; margin-bottom: 0cm; text-align: center;\"><b><span style=\"font-size: 12pt;\">Valor unit\u00e1rio<o:p><\/o:p><\/span><\/b><\/div>\n<\/td>\n<td nowrap=\"\" style=\"background: #D9D9D9; border-left: none; border: double windowtext 2.25pt; height: 16.5pt; padding: 0cm 3.5pt 0cm 3.5pt; width: 93.0pt;\" width=\"124\">\n<div align=\"center\" style=\"line-height: normal; margin-bottom: .0001pt; margin-bottom: 0cm; text-align: center;\"><b><span style=\"font-size: 12pt;\">Frequ\u00eancia<o:p><\/o:p><\/span><\/b><\/div>\n<\/td>\n<\/tr>\n<tr style=\"height: 36.0pt; mso-yfti-irow: 1;\">\n<td style=\"background: #F2F2F2; border-bottom: solid windowtext 1.0pt; border-left: double windowtext 2.25pt; border-right: solid windowtext 1.0pt; border-top: none; height: 36.0pt; mso-border-bottom-alt: solid windowtext .5pt; mso-border-left-alt: double windowtext 2.25pt; mso-border-right-alt: solid windowtext .5pt; padding: 0cm 3.5pt 0cm 3.5pt; width: 133.0pt;\" width=\"177\">\n<div style=\"line-height: normal; margin-bottom: .0001pt; margin-bottom: 0cm;\"><b><span style=\"font-size: 12pt;\">Desenvolvimento   da col\u00f3nia<o:p><\/o:p><\/span><\/b><\/div>\n<\/td>\n<td style=\"border-bottom: solid windowtext 1.0pt; border-left: none; border-right: solid windowtext 1.0pt; border-top: none; height: 36.0pt; mso-border-bottom-alt: solid windowtext .5pt; mso-border-right-alt: solid windowtext .5pt; padding: 0cm 3.5pt 0cm 3.5pt; width: 116.0pt;\" width=\"155\">\n<div style=\"line-height: normal; margin-bottom: .0001pt; margin-bottom: 0cm;\"><span style=\"font-size: 12pt;\">N\u00ba   de Quadros com abelhas e cria\u00e7\u00e3o<o:p><\/o:p><\/span><\/div>\n<\/td>\n<td nowrap=\"\" style=\"border-bottom: solid windowtext 1.0pt; border-left: none; border-right: solid windowtext 1.0pt; border-top: none; height: 36.0pt; mso-border-bottom-alt: solid windowtext .5pt; mso-border-right-alt: solid windowtext .5pt; padding: 0cm 3.5pt 0cm 3.5pt; width: 92.0pt;\" width=\"123\">\n<div style=\"line-height: normal; margin-bottom: .0001pt; margin-bottom: 0cm;\"><span style=\"font-size: 12pt;\">N\u00ba   de Quadros<o:p><\/o:p><\/span><\/div>\n<\/td>\n<td style=\"border-bottom: solid windowtext 1.0pt; border-left: none; border-right: double windowtext 2.25pt; border-top: none; height: 36.0pt; mso-border-bottom-alt: solid windowtext .5pt; mso-border-right-alt: double windowtext 2.25pt; padding: 0cm 3.5pt 0cm 3.5pt; width: 93.0pt;\" width=\"124\">\n<div align=\"center\" style=\"line-height: normal; margin-bottom: .0001pt; margin-bottom: 0cm; text-align: center;\"><span style=\"font-size: 12pt;\">Censos de Outono, primavera e ver\u00e3o<o:p><\/o:p><\/span><\/div>\n<\/td>\n<\/tr>\n<tr style=\"height: 15.0pt; mso-yfti-irow: 2;\">\n<td rowspan=\"4\" style=\"background: #F2F2F2; border-bottom: solid windowtext 1.0pt; border-left: double windowtext 2.25pt; border-right: solid windowtext 1.0pt; border-top: none; height: 15.0pt; mso-border-bottom-alt: solid windowtext .5pt; mso-border-left-alt: double windowtext 2.25pt; mso-border-right-alt: solid windowtext .5pt; padding: 0cm 3.5pt 0cm 3.5pt; width: 133.0pt;\" width=\"177\">\n<div style=\"line-height: normal; margin-bottom: .0001pt; margin-bottom: 0cm;\"><b><span style=\"font-size: 12pt;\">Comportamento   defensivo<o:p><\/o:p><\/span><\/b><\/div>\n<\/td>\n<td style=\"border-bottom: solid windowtext 1.0pt; border-left: none; border-right: solid windowtext 1.0pt; border-top: none; height: 15.0pt; mso-border-bottom-alt: solid windowtext .5pt; mso-border-right-alt: solid windowtext .5pt; padding: 0cm 3.5pt 0cm 3.5pt; width: 116.0pt;\" width=\"155\">\n<div style=\"line-height: normal; margin-bottom: .0001pt; margin-bottom: 0cm;\"><span style=\"font-size: 12pt;\">1=   Agressiva;<o:p><\/o:p><\/span><\/div>\n<\/td>\n<td nowrap=\"\" rowspan=\"4\" style=\"border-bottom: solid windowtext 1.0pt; border-left: none; border-right: solid windowtext 1.0pt; border-top: none; height: 15.0pt; mso-border-bottom-alt: solid windowtext .5pt; mso-border-left-alt: solid windowtext .5pt; mso-border-left-alt: solid windowtext .5pt; mso-border-right-alt: solid windowtext .5pt; padding: 0cm 3.5pt 0cm 3.5pt; width: 92.0pt;\" width=\"123\">\n<div align=\"center\" style=\"line-height: normal; margin-bottom: .0001pt; margin-bottom: 0cm; text-align: center;\"><span style=\"font-size: 12pt;\">Pontua\u00e7\u00e3o de 1 a 4<o:p><\/o:p><\/span><\/div>\n<\/td>\n<td rowspan=\"4\" style=\"border-bottom: solid windowtext 1.0pt; border-left: none; border-right: double windowtext 2.25pt; border-top: none; height: 15.0pt; mso-border-bottom-alt: solid windowtext .5pt; mso-border-left-alt: solid windowtext .5pt; mso-border-left-alt: solid windowtext .5pt; mso-border-right-alt: double windowtext 2.25pt; padding: 0cm 3.5pt 0cm 3.5pt; width: 93.0pt;\" width=\"124\">\n<div align=\"center\" style=\"line-height: normal; margin-bottom: .0001pt; margin-bottom: 0cm; text-align: center;\"><span style=\"font-size: 12pt;\">Censos de Outono, primavera e ver\u00e3o<o:p><\/o:p><\/span><\/div>\n<\/td>\n<\/tr>\n<tr style=\"height: 15.0pt; mso-yfti-irow: 3;\">\n<td style=\"border-bottom: solid windowtext 1.0pt; border-left: none; border-right: solid windowtext 1.0pt; border-top: none; height: 15.0pt; mso-border-bottom-alt: solid windowtext .5pt; mso-border-right-alt: solid windowtext .5pt; padding: 0cm 3.5pt 0cm 3.5pt; width: 116.0pt;\" width=\"155\">\n<div style=\"line-height: normal; margin-bottom: .0001pt; margin-bottom: 0cm;\"><span style=\"font-size: 12pt;\">2=   Pouco agressiva;<o:p><\/o:p><\/span><\/div>\n<\/td>\n<\/tr>\n<tr style=\"height: 15.0pt; mso-yfti-irow: 4;\">\n<td style=\"border-bottom: solid windowtext 1.0pt; border-left: none; border-right: solid windowtext 1.0pt; border-top: none; height: 15.0pt; mso-border-bottom-alt: solid windowtext .5pt; mso-border-right-alt: solid windowtext .5pt; padding: 0cm 3.5pt 0cm 3.5pt; width: 116.0pt;\" width=\"155\">\n<div style=\"line-height: normal; margin-bottom: .0001pt; margin-bottom: 0cm;\"><span style=\"font-size: 12pt;\">3=   D\u00f3cil;<o:p><\/o:p><\/span><\/div>\n<\/td>\n<\/tr>\n<tr style=\"height: 15.0pt; mso-yfti-irow: 5;\">\n<td style=\"border-bottom: solid windowtext 1.0pt; border-left: none; border-right: solid windowtext 1.0pt; border-top: none; height: 15.0pt; mso-border-bottom-alt: solid windowtext .5pt; mso-border-right-alt: solid windowtext .5pt; padding: 0cm 3.5pt 0cm 3.5pt; width: 116.0pt;\" width=\"155\">\n<div style=\"line-height: normal; margin-bottom: .0001pt; margin-bottom: 0cm;\"><span style=\"font-size: 12pt;\">4=   Muito d\u00f3cil;<o:p><\/o:p><\/span><\/div>\n<\/td>\n<\/tr>\n<tr style=\"height: 30.0pt; mso-yfti-irow: 6;\">\n<td rowspan=\"4\" style=\"background: #F2F2F2; border-bottom: solid windowtext 1.0pt; border-left: double windowtext 2.25pt; border-right: solid windowtext 1.0pt; border-top: none; height: 30.0pt; mso-border-bottom-alt: solid windowtext .5pt; mso-border-left-alt: double windowtext 2.25pt; mso-border-right-alt: solid windowtext .5pt; padding: 0cm 3.5pt 0cm 3.5pt; width: 133.0pt;\" width=\"177\">\n<div align=\"center\" style=\"line-height: normal; margin-bottom: .0001pt; margin-bottom: 0cm; text-align: center;\"><b><span style=\"font-size: 12pt;\">Calma (Comportamento da abelha no   quadros)<o:p><\/o:p><\/span><\/b><\/div>\n<\/td>\n<td style=\"border-bottom: solid windowtext 1.0pt; border-left: none; border-right: solid windowtext 1.0pt; border-top: none; height: 30.0pt; mso-border-bottom-alt: solid windowtext .5pt; mso-border-right-alt: solid windowtext .5pt; padding: 0cm 3.5pt 0cm 3.5pt; width: 116.0pt;\" width=\"155\">\n<div style=\"line-height: normal; margin-bottom: .0001pt; margin-bottom: 0cm;\"><span style=\"font-size: 12pt;\">1=   Abelhas abandonam os quadros;<o:p><\/o:p><\/span><\/div>\n<\/td>\n<td nowrap=\"\" rowspan=\"4\" style=\"border-bottom: solid windowtext 1.0pt; border-left: none; border-right: solid windowtext 1.0pt; border-top: none; height: 30.0pt; mso-border-bottom-alt: solid windowtext .5pt; mso-border-left-alt: solid windowtext .5pt; mso-border-left-alt: solid windowtext .5pt; mso-border-right-alt: solid windowtext .5pt; padding: 0cm 3.5pt 0cm 3.5pt; width: 92.0pt;\" width=\"123\">\n<div align=\"center\" style=\"line-height: normal; margin-bottom: .0001pt; margin-bottom: 0cm; text-align: center;\"><span style=\"font-size: 12pt;\">Pontua\u00e7\u00e3o de 1 a 4<o:p><\/o:p><\/span><\/div>\n<\/td>\n<td rowspan=\"4\" style=\"border-bottom: solid windowtext 1.0pt; border-left: none; border-right: double windowtext 2.25pt; border-top: none; height: 30.0pt; mso-border-bottom-alt: solid windowtext .5pt; mso-border-left-alt: solid windowtext .5pt; mso-border-left-alt: solid windowtext .5pt; mso-border-right-alt: double windowtext 2.25pt; padding: 0cm 3.5pt 0cm 3.5pt; width: 93.0pt;\" width=\"124\">\n<div align=\"center\" style=\"line-height: normal; margin-bottom: .0001pt; margin-bottom: 0cm; text-align: center;\"><span style=\"font-size: 12pt;\">Censos de Outono, primavera e ver\u00e3o<o:p><\/o:p><\/span><\/div>\n<\/td>\n<\/tr>\n<tr style=\"height: 30.0pt; mso-yfti-irow: 7;\">\n<td style=\"border-bottom: solid windowtext 1.0pt; border-left: none; border-right: solid windowtext 1.0pt; border-top: none; height: 30.0pt; mso-border-bottom-alt: solid windowtext .5pt; mso-border-right-alt: solid windowtext .5pt; padding: 0cm 3.5pt 0cm 3.5pt; width: 116.0pt;\" width=\"155\">\n<div style=\"line-height: normal; margin-bottom: .0001pt; margin-bottom: 0cm;\"><span style=\"font-size: 12pt;\">2=   Abelhas agrupam-se na beira dos quadros;<o:p><\/o:p><\/span><\/div>\n<\/td>\n<\/tr>\n<tr style=\"height: 30.0pt; mso-yfti-irow: 8;\">\n<td style=\"border-bottom: solid windowtext 1.0pt; border-left: none; border-right: solid windowtext 1.0pt; border-top: none; height: 30.0pt; mso-border-bottom-alt: solid windowtext .5pt; mso-border-right-alt: solid windowtext .5pt; padding: 0cm 3.5pt 0cm 3.5pt; width: 116.0pt;\" width=\"155\">\n<div style=\"line-height: normal; margin-bottom: .0001pt; margin-bottom: 0cm;\"><span style=\"font-size: 12pt;\">3=   Abelhas movem-se no quadro;<o:p><\/o:p><\/span><\/div>\n<\/td>\n<\/tr>\n<tr style=\"height: 30.0pt; mso-yfti-irow: 9;\">\n<td style=\"border-bottom: solid windowtext 1.0pt; border-left: none; border-right: solid windowtext 1.0pt; border-top: none; height: 30.0pt; mso-border-bottom-alt: solid windowtext .5pt; mso-border-right-alt: solid windowtext .5pt; padding: 0cm 3.5pt 0cm 3.5pt; width: 116.0pt;\" width=\"155\">\n<div style=\"line-height: normal; margin-bottom: .0001pt; margin-bottom: 0cm;\"><span style=\"font-size: 12pt;\">4=   Abelhas calmas e est\u00e1ticas;<o:p><\/o:p><\/span><\/div>\n<\/td>\n<\/tr>\n<tr style=\"height: 30.0pt; mso-yfti-irow: 10;\">\n<td rowspan=\"4\" style=\"background: #F2F2F2; border-bottom: solid windowtext 1.0pt; border-left: double windowtext 2.25pt; border-right: solid windowtext 1.0pt; border-top: none; height: 30.0pt; mso-border-bottom-alt: solid windowtext .5pt; mso-border-left-alt: double windowtext 2.25pt; mso-border-right-alt: solid windowtext .5pt; padding: 0cm 3.5pt 0cm 3.5pt; width: 133.0pt;\" width=\"177\">\n<div align=\"center\" style=\"line-height: normal; margin-bottom: .0001pt; margin-bottom: 0cm; text-align: center;\"><b><span style=\"font-size: 12pt;\">Comportamento de enxamea\u00e7\u00e3o<o:p><\/o:p><\/span><\/b><\/div>\n<\/td>\n<td style=\"border-bottom: solid windowtext 1.0pt; border-left: none; border-right: solid windowtext 1.0pt; border-top: none; height: 30.0pt; mso-border-bottom-alt: solid windowtext .5pt; mso-border-right-alt: solid windowtext .5pt; padding: 0cm 3.5pt 0cm 3.5pt; width: 116.0pt;\" width=\"155\">\n<div style=\"line-height: normal; margin-bottom: .0001pt; margin-bottom: 0cm;\"><span style=\"font-size: 12pt;\">1=   Forte tend\u00eancia de enxamea\u00e7\u00e3o;<o:p><\/o:p><\/span><\/div>\n<\/td>\n<td nowrap=\"\" rowspan=\"4\" style=\"border-bottom: solid windowtext 1.0pt; border-left: none; border-right: solid windowtext 1.0pt; border-top: none; height: 30.0pt; mso-border-bottom-alt: solid windowtext .5pt; mso-border-left-alt: solid windowtext .5pt; mso-border-left-alt: solid windowtext .5pt; mso-border-right-alt: solid windowtext .5pt; padding: 0cm 3.5pt 0cm 3.5pt; width: 92.0pt;\" width=\"123\">\n<div align=\"center\" style=\"line-height: normal; margin-bottom: .0001pt; margin-bottom: 0cm; text-align: center;\"><span style=\"font-size: 12pt;\">Pontua\u00e7\u00e3o de 1 a 4<o:p><\/o:p><\/span><\/div>\n<\/td>\n<td rowspan=\"4\" style=\"border-bottom: solid windowtext 1.0pt; border-left: none; border-right: double windowtext 2.25pt; border-top: none; height: 30.0pt; mso-border-bottom-alt: solid windowtext .5pt; mso-border-left-alt: solid windowtext .5pt; mso-border-left-alt: solid windowtext .5pt; mso-border-right-alt: double windowtext 2.25pt; padding: 0cm 3.5pt 0cm 3.5pt; width: 93.0pt;\" width=\"124\">\n<div align=\"center\" style=\"line-height: normal; margin-bottom: .0001pt; margin-bottom: 0cm; text-align: center;\"><span style=\"font-size: 12pt;\">\u00c9poca de enxamea\u00e7\u00e3o<o:p><\/o:p><\/span><\/div>\n<\/td>\n<\/tr>\n<tr style=\"height: 30.0pt; mso-yfti-irow: 11;\">\n<td style=\"border-bottom: solid windowtext 1.0pt; border-left: none; border-right: solid windowtext 1.0pt; border-top: none; height: 30.0pt; mso-border-bottom-alt: solid windowtext .5pt; mso-border-right-alt: solid windowtext .5pt; padding: 0cm 3.5pt 0cm 3.5pt; width: 116.0pt;\" width=\"155\">\n<div style=\"line-height: normal; margin-bottom: .0001pt; margin-bottom: 0cm;\"><span style=\"font-size: 12pt;\">2=   Moderada tend\u00eancia de enxamea\u00e7\u00e3o;<o:p><\/o:p><\/span><\/div>\n<\/td>\n<\/tr>\n<tr style=\"height: 30.0pt; mso-yfti-irow: 12;\">\n<td style=\"border-bottom: solid windowtext 1.0pt; border-left: none; border-right: solid windowtext 1.0pt; border-top: none; height: 30.0pt; mso-border-bottom-alt: solid windowtext .5pt; mso-border-right-alt: solid windowtext .5pt; padding: 0cm 3.5pt 0cm 3.5pt; width: 116.0pt;\" width=\"155\">\n<div style=\"line-height: normal; margin-bottom: .0001pt; margin-bottom: 0cm;\"><span style=\"font-size: 12pt;\">3=   Ligeira tend\u00eancia de enxamea\u00e7\u00e3o;<o:p><\/o:p><\/span><\/div>\n<\/td>\n<\/tr>\n<tr style=\"height: 30.0pt; mso-yfti-irow: 13;\">\n<td style=\"border-bottom: solid windowtext 1.0pt; border-left: none; border-right: solid windowtext 1.0pt; border-top: none; height: 30.0pt; mso-border-bottom-alt: solid windowtext .5pt; mso-border-right-alt: solid windowtext .5pt; padding: 0cm 3.5pt 0cm 3.5pt; width: 116.0pt;\" width=\"155\">\n<div style=\"line-height: normal; margin-bottom: .0001pt; margin-bottom: 0cm;\"><span style=\"font-size: 12pt;\">4=   N\u00e3o h\u00e1 tend\u00eancia de enxamea\u00e7\u00e3o;<o:p><\/o:p><\/span><\/div>\n<\/td>\n<\/tr>\n<tr style=\"height: 30.0pt; mso-yfti-irow: 14;\">\n<td style=\"background: #F2F2F2; border-bottom: solid windowtext 1.0pt; border-left: double windowtext 2.25pt; border-right: solid windowtext 1.0pt; border-top: none; height: 30.0pt; mso-border-bottom-alt: solid windowtext .5pt; mso-border-left-alt: double windowtext 2.25pt; mso-border-right-alt: solid windowtext .5pt; padding: 0cm 3.5pt 0cm 3.5pt; width: 133.0pt;\" width=\"177\">\n<div style=\"line-height: normal; margin-bottom: .0001pt; margin-bottom: 0cm;\"><b><span style=\"font-size: 12pt;\">Produtividade   de Mel<o:p><\/o:p><\/span><\/b><\/div>\n<\/td>\n<td style=\"border-bottom: solid windowtext 1.0pt; border-left: none; border-right: solid windowtext 1.0pt; border-top: none; height: 30.0pt; mso-border-bottom-alt: solid windowtext .5pt; mso-border-right-alt: solid windowtext .5pt; padding: 0cm 3.5pt 0cm 3.5pt; width: 116.0pt;\" width=\"155\">\n<div style=\"line-height: normal; margin-bottom: .0001pt; margin-bottom: 0cm;\"><span style=\"font-size: 12pt;\">Peso   liquido de mel extraido<o:p><\/o:p><\/span><\/div>\n<\/td>\n<td nowrap=\"\" style=\"border-bottom: solid windowtext 1.0pt; border-left: none; border-right: solid windowtext 1.0pt; border-top: none; height: 30.0pt; mso-border-bottom-alt: solid windowtext .5pt; mso-border-right-alt: solid windowtext .5pt; padding: 0cm 3.5pt 0cm 3.5pt; width: 92.0pt;\" width=\"123\">\n<div style=\"line-height: normal; margin-bottom: .0001pt; margin-bottom: 0cm;\"><span style=\"font-size: 12pt;\">Kg<o:p><\/o:p><\/span><\/div>\n<\/td>\n<td style=\"border-bottom: solid windowtext 1.0pt; border-left: none; border-right: double windowtext 2.25pt; border-top: none; height: 30.0pt; mso-border-bottom-alt: solid windowtext .5pt; mso-border-right-alt: double windowtext 2.25pt; padding: 0cm 3.5pt 0cm 3.5pt; width: 93.0pt;\" width=\"124\">\n<div style=\"line-height: normal; margin-bottom: .0001pt; margin-bottom: 0cm;\"><span style=\"font-size: 12pt;\">No   momento da cresta<o:p><\/o:p><\/span><\/div>\n<\/td>\n<\/tr>\n<tr style=\"height: 45.0pt; mso-yfti-irow: 15;\">\n<td style=\"background: #F2F2F2; border-bottom: solid windowtext 1.0pt; border-left: double windowtext 2.25pt; border-right: solid windowtext 1.0pt; border-top: none; height: 45.0pt; mso-border-bottom-alt: solid windowtext .5pt; mso-border-left-alt: double windowtext 2.25pt; mso-border-right-alt: solid windowtext .5pt; padding: 0cm 3.5pt 0cm 3.5pt; width: 133.0pt;\" width=\"177\">\n<div style=\"line-height: normal; margin-bottom: .0001pt; margin-bottom: 0cm;\"><b><span style=\"font-size: 12pt;\">Mortalidade   natural de varroa<o:p><\/o:p><\/span><\/b><\/div>\n<\/td>\n<td style=\"border-bottom: solid windowtext 1.0pt; border-left: none; border-right: solid windowtext 1.0pt; border-top: none; height: 45.0pt; mso-border-bottom-alt: solid windowtext .5pt; mso-border-right-alt: solid windowtext .5pt; padding: 0cm 3.5pt 0cm 3.5pt; width: 116.0pt;\" width=\"155\">\n<div style=\"line-height: normal; margin-bottom: .0001pt; margin-bottom: 0cm;\"><span style=\"font-size: 12pt;\">Utiliza\u00e7\u00e3o   de estrado sanit\u00e1rio<o:p><\/o:p><\/span><\/div>\n<\/td>\n<td style=\"border-bottom: solid windowtext 1.0pt; border-left: none; border-right: solid windowtext 1.0pt; border-top: none; height: 45.0pt; mso-border-bottom-alt: solid windowtext .5pt; mso-border-right-alt: solid windowtext .5pt; padding: 0cm 3.5pt 0cm 3.5pt; width: 92.0pt;\" width=\"123\">\n<div style=\"line-height: normal; margin-bottom: .0001pt; margin-bottom: 0cm;\"><span style=\"font-size: 12pt;\">N\u00ba   de varroas ca\u00eddas por dia<o:p><\/o:p><\/span><\/div>\n<\/td>\n<td style=\"border-bottom: solid windowtext 1.0pt; border-left: none; border-right: double windowtext 2.25pt; border-top: none; height: 45.0pt; mso-border-bottom-alt: solid windowtext .5pt; mso-border-right-alt: double windowtext 2.25pt; padding: 0cm 3.5pt 0cm 3.5pt; width: 93.0pt;\" width=\"124\">\n<div style=\"line-height: normal; margin-bottom: .0001pt; margin-bottom: 0cm;\"><span style=\"font-size: 12pt;\">Durante   duas a 3 semanas na primavera<o:p><\/o:p><\/span><\/div>\n<\/td>\n<\/tr>\n<tr style=\"height: 30.0pt; mso-yfti-irow: 16;\">\n<td style=\"background: #F2F2F2; border-bottom: solid windowtext 1.0pt; border-left: double windowtext 2.25pt; border-right: solid windowtext 1.0pt; border-top: none; height: 30.0pt; mso-border-bottom-alt: solid windowtext .5pt; mso-border-left-alt: double windowtext 2.25pt; mso-border-right-alt: solid windowtext .5pt; padding: 0cm 3.5pt 0cm 3.5pt; width: 133.0pt;\" width=\"177\">\n<div style=\"line-height: normal; margin-bottom: .0001pt; margin-bottom: 0cm;\"><b><span style=\"font-size: 12pt;\">N\u00edvel   de infesta\u00e7\u00e3o da col\u00f3nia<o:p><\/o:p><\/span><\/b><\/div>\n<\/td>\n<td style=\"border-bottom: solid windowtext 1.0pt; border-left: none; border-right: solid windowtext 1.0pt; border-top: none; height: 30.0pt; mso-border-bottom-alt: solid windowtext .5pt; mso-border-right-alt: solid windowtext .5pt; padding: 0cm 3.5pt 0cm 3.5pt; width: 116.0pt;\" width=\"155\">\n<div style=\"line-height: normal; margin-bottom: .0001pt; margin-bottom: 0cm;\"><span style=\"font-size: 12pt;\">A\u00e7ucar   em p\u00f3 (50g de abelhas)<o:p><\/o:p><\/span><\/div>\n<\/td>\n<td style=\"border-bottom: solid windowtext 1.0pt; border-left: none; border-right: solid windowtext 1.0pt; border-top: none; height: 30.0pt; mso-border-bottom-alt: solid windowtext .5pt; mso-border-right-alt: solid windowtext .5pt; padding: 0cm 3.5pt 0cm 3.5pt; width: 92.0pt;\" width=\"123\">\n<div style=\"line-height: normal; margin-bottom: .0001pt; margin-bottom: 0cm;\"><span style=\"font-size: 12pt;\">%   Abelhas infestadas<o:p><\/o:p><\/span><\/div>\n<\/td>\n<td style=\"border-bottom: solid windowtext 1.0pt; border-left: none; border-right: double windowtext 2.25pt; border-top: none; height: 30.0pt; mso-border-bottom-alt: solid windowtext .5pt; mso-border-right-alt: double windowtext 2.25pt; padding: 0cm 3.5pt 0cm 3.5pt; width: 93.0pt;\" width=\"124\">\n<div style=\"line-height: normal; margin-bottom: .0001pt; margin-bottom: 0cm;\"><span style=\"font-size: 12pt;\">Mensalmente   de Junho ao Outono<o:p><\/o:p><\/span><\/div>\n<\/td>\n<\/tr>\n<tr style=\"height: 30.75pt; mso-yfti-irow: 17; mso-yfti-lastrow: yes;\">\n<td style=\"background: #F2F2F2; border-bottom: double windowtext 2.25pt; border-left: double windowtext 2.25pt; border-right: solid windowtext 1.0pt; border-top: none; height: 30.75pt; mso-border-bottom-alt: double windowtext 2.25pt; mso-border-left-alt: double windowtext 2.25pt; mso-border-right-alt: solid windowtext .5pt; padding: 0cm 3.5pt 0cm 3.5pt; width: 133.0pt;\" width=\"177\">\n<div style=\"line-height: normal; margin-bottom: .0001pt; margin-bottom: 0cm;\"><b><span style=\"font-size: 12pt;\">Comportamento   higi\u00e9nico<o:p><\/o:p><\/span><\/b><\/div>\n<\/td>\n<td style=\"border-bottom: double windowtext 2.25pt; border-left: none; border-right: solid windowtext 1.0pt; border-top: none; height: 30.75pt; mso-border-bottom-alt: double windowtext 2.25pt; mso-border-right-alt: solid windowtext .5pt; padding: 0cm 3.5pt 0cm 3.5pt; width: 116.0pt;\" width=\"155\">\n<div style=\"line-height: normal; margin-bottom: .0001pt; margin-bottom: 0cm;\"><span style=\"font-size: 12pt;\">Teste   de alfinete ou congela\u00e7\u00e3o da cria\u00e7\u00e3o<o:p><\/o:p><\/span><\/div>\n<\/td>\n<td style=\"border-bottom: double windowtext 2.25pt; border-left: none; border-right: solid windowtext 1.0pt; border-top: none; height: 30.75pt; mso-border-bottom-alt: double windowtext 2.25pt; mso-border-right-alt: solid windowtext .5pt; padding: 0cm 3.5pt 0cm 3.5pt; width: 92.0pt;\" width=\"123\">\n<div style=\"line-height: normal; margin-bottom: .0001pt; margin-bottom: 0cm;\"><span style=\"font-size: 12pt;\">%   de remo\u00e7\u00e3o da cria\u00e7\u00e3o<o:p><\/o:p><\/span><\/div>\n<\/td>\n<td style=\"border-bottom: double windowtext 2.25pt; border-left: none; border-right: double windowtext 2.25pt; border-top: none; height: 30.75pt; padding: 0cm 3.5pt 0cm 3.5pt; width: 93.0pt;\" width=\"124\">\n<div style=\"line-height: normal; margin-bottom: .0001pt; margin-bottom: 0cm;\"><span style=\"font-size: 12pt;\">Pelo   menos duas vezes por esta\u00e7\u00e3o<o:p><\/o:p><\/span><\/div>\n<\/td>\n<\/tr>\n<\/tbody>\n<\/table>\n<div style=\"text-align: justify;\"><\/div>\n<div style=\"text-align: justify;\"><span style=\"font-size: 22.0pt; line-height: 115%;\">A descri\u00e7\u00e3o detalhada dos m\u00e9todos de avalia\u00e7\u00e3o das caracter\u00edsticas e par\u00e2metros acima mencionados est\u00e1 dispon\u00edvel em <\/span><a href=\"http:\/\/www.smartbees-fp7.eu\/extension\" target=\"_blank\" rel=\"noopener\"><span style=\"font-size: 22.0pt; line-height: 115%;\">www.smartbees-fp7.eu\/extension<\/span><\/a><span style=\"font-size: 22.0pt; line-height: 115%;\">.<o:p><\/o:p><\/span><\/div>\n<div style=\"text-align: justify;\"><span style=\"font-size: 22.0pt; line-height: 115%;\">\u00c9 altamente recomendado que as avalia\u00e7\u00f5es do teste de desempenho sejam feitas de forma uniforme.<o:p><\/o:p><\/span><\/div>\n<div style=\"text-align: justify;\"><span style=\"font-size: 22.0pt; line-height: 115%;\"><br \/><\/span><\/div>\n<div style=\"text-align: justify;\"><b><span style=\"font-size: 22.0pt; line-height: 115%;\">REGISTO DOS DADOS<o:p><\/o:p><\/span><\/b><\/div>\n<div style=\"text-align: justify;\"><b><span style=\"font-size: 22.0pt; line-height: 115%;\"><br \/><\/span><\/b><\/div>\n<div style=\"text-align: justify;\"><span style=\"font-size: 22.0pt; line-height: 115%;\">Os dados s\u00e3o fornecidos, neste caso \u00e0 coordenadora nacional (Dra. Alice Pinto), sendo os dados introduzidos na base de dados usada a n\u00edvel internacional <\/span><a href=\"http:\/\/www.beebreed.eu\/\" target=\"_blank\" rel=\"noopener\"><span style=\"font-size: 22.0pt; line-height: 115%;\">www.beebreed.eu<\/span><\/a><span style=\"font-size: 22.0pt; line-height: 115%;\">. <o:p><\/o:p><\/span><\/div>\n<div style=\"text-align: justify;\"><span style=\"font-size: 22.0pt; line-height: 115%;\"><br \/><\/span><\/div>\n<div style=\"text-align: justify;\"><b><span style=\"font-size: 22.0pt; line-height: 115%;\">ESTIMA\u00c7\u00c3O DOS VALORES REPRODUTIVOS E SELE\u00c7\u00c3O DE RAINHAS<o:p><\/o:p><\/span><\/b><\/div>\n<div style=\"text-align: justify;\"><b><span style=\"font-size: 22.0pt; line-height: 115%;\"><br \/><\/span><\/b><\/div>\n<div style=\"text-align: justify;\"><span style=\"font-size: 22.0pt; line-height: 115%;\">A estima\u00e7\u00e3o rigorosa dos valores reprodutivos das rinhas (valor gen\u00e9tico para fins de melhoramento), s\u00f3 pode ser obtida a partir de dados recolhidos em testes de desempenho padronizados.<o:p><\/o:p><\/span><\/div>\n<div style=\"text-align: justify;\"><span style=\"font-size: 22.0pt; line-height: 115%;\"><br \/><\/span><\/div>\n<div style=\"text-align: justify;\"><span style=\"font-size: 22.0pt; line-height: 115%;\">Adicionalmente, a estima\u00e7\u00e3o inclui informa\u00e7\u00e3o do pedigree da rainha e dados de desempenho ancestrais e indiv\u00edduos geneticamente relacionados, O registo e a lista ordenada das rainhas testadas ficam dispon\u00edveis e vis\u00edveis para todos os criadores de rainhas e apicultores.<o:p><\/o:p><\/span><\/div>\n<div style=\"text-align: justify;\"><span style=\"font-size: 22.0pt; line-height: 115%;\"><br \/><\/span><\/div>\n<div style=\"text-align: justify;\"><b><span style=\"font-size: 22.0pt; line-height: 115%;\">CONTROLO DA FECUNDA\u00c7\u00c3O<o:p><\/o:p><\/span><\/b><\/div>\n<div style=\"text-align: justify;\"><b><span style=\"font-size: 22.0pt; line-height: 115%;\"><br \/><\/span><\/b><\/div>\n<div style=\"text-align: justify;\"><span style=\"font-size: 22.0pt; line-height: 115%;\">A r\u00e1pida dissemina\u00e7\u00e3o do progresso da selec\u00e7\u00e3o pode ser conseguida atrav\u00e9s da insemina\u00e7\u00e3o artificial ou atrav\u00e9s de esta\u00e7\u00f5es de fecunda\u00e7\u00e3o, se bem que esta \u00faltima \u00e9 mais dif\u00edcil em Portugal.<o:p><\/o:p><\/span><\/div>\n<div style=\"text-align: justify;\"><span style=\"font-size: 22.0pt; line-height: 115%;\"><br \/><\/span><\/div>\n<div style=\"margin-bottom: .0001pt; margin-bottom: 0cm; text-align: justify;\"><b><span style=\"font-size: 22.0pt; line-height: 115%;\">Coordena\u00e7\u00e3o Nacional<o:p><\/o:p><\/span><\/b><\/div>\n<div style=\"margin-bottom: .0001pt; margin-bottom: 0cm; text-align: justify;\"><span style=\"font-size: 22.0pt; line-height: 115%;\">Dra. Alice Pinto<o:p><\/o:p><\/span><\/div>\n<div style=\"margin-bottom: .0001pt; margin-bottom: 0cm; text-align: justify;\"><span style=\"font-size: 22.0pt; line-height: 115%;\">Escola Superior Agr\u00e1ria de Bragan\u00e7a<o:p><\/o:p><\/span><\/div>\n<div style=\"margin-bottom: .0001pt; margin-bottom: 0cm; text-align: justify;\"><a href=\"mailto:apinto@ipb.pt\"><span style=\"font-size: 22.0pt; line-height: 115%;\">apinto@ipb.pt<\/span><\/a><span style=\"font-size: 22.0pt; line-height: 115%;\"><o:p><\/o:p><\/span><\/div>\n<div style=\"text-align: justify;\"><\/div>\n<div style=\"text-align: justify;\"><\/div>\n<div align=\"center\" style=\"text-align: center;\"><b><span style=\"font-size: 22.0pt; line-height: 115%;\"><i>&#8220;USO OU INTRODU\u00c7\u00c3O DE OUTRAS RA\u00c7AS&#8221;<\/i><o:p><\/o:p><\/span><\/b><\/div>\n<div align=\"center\" style=\"text-align: center;\"><b><span style=\"font-size: 22.0pt; line-height: 115%;\"><i><br \/><\/i><\/span><\/b><\/div>\n<div style=\"text-align: justify;\"><span style=\"font-size: 22.0pt; line-height: 115%;\">O s\u00e9culo XX foi dominado pela introdu\u00e7\u00e3o de ra\u00e7as de abelhas, que diziam ser de casta superior, ra\u00e7as que provinham de v\u00e1rios pontos da Europa.<o:p><\/o:p><\/span><\/div>\n<div style=\"text-align: justify;\"><span style=\"font-size: 22.0pt; line-height: 115%;\"><br \/><\/span><\/div>\n<div style=\"clear: both; text-align: center;\"><a href=\"https:\/\/www.valedorosmaninho.com\/wp-content\/uploads\/2017\/05\/IMG_2162-1.jpg\" style=\"margin-left: 1em; margin-right: 1em;\"><img loading=\"lazy\" decoding=\"async\" border=\"0\" height=\"300\" src=\"https:\/\/www.valedorosmaninho.com\/wp-content\/uploads\/2017\/05\/IMG_2162-1-300x225.jpg\" width=\"400\" \/><\/a><\/div>\n<div align=\"center\" style=\"text-align: center;\"><\/div>\n<div style=\"text-align: justify;\"><span style=\"font-size: 22.0pt; line-height: 115%;\">Esta pr\u00e1tica, desvalorizou a import\u00e2ncia da adapta\u00e7\u00e3o das abelhas nativas ao seu territ\u00f3rio, bem como a conserva\u00e7\u00e3o da diversidade gen\u00e9tica. Como consequ\u00eancia, temos algumas subesp\u00e9cies de abelhas que podem ficar extintas em alguns pontos da europa. Felizmente n\u00e3o \u00e9 o caso da abelha aut\u00f3ctone portuguesa, pelo menos por enquanto, mas o que \u00e9 certo \u00e9 que existem subesp\u00e9cies europeias em risco de se perder.<o:p><\/o:p><\/span><\/div>\n<div style=\"text-align: justify;\"><span style=\"font-size: 22.0pt; line-height: 115%;\"><br \/><\/span><\/div>\n<div style=\"text-align: justify;\"><span style=\"font-size: 22.0pt; line-height: 115%;\">Devido \u00e0 sua biologia reprodutiva, a abelha \u00e9 o \u00fanico animal do sector pecu\u00e1rio que o Homem mant\u00e9m, mas, a mesma continua a partilhar o seu pool gen\u00e9tico com popula\u00e7\u00f5es selvagens ou vizinhas, pois a rainha quando sai para se fecundar, vai encontrar-se em zonas de congrega\u00e7\u00e3o de zang\u00f5es com um raio superior a 10Km de dist\u00e2ncia.<o:p><\/o:p><\/span><\/div>\n<div style=\"text-align: justify;\"><span style=\"font-size: 22.0pt; line-height: 115%;\"><br \/><\/span><\/div>\n<div style=\"text-align: justify;\"><span style=\"font-size: 22.0pt; line-height: 115%;\">Esta peculariedade permite que haja um interc\u00e2mbio de genes entre diferentes popula\u00e7\u00f5es, sejam elas puras ou n\u00e3o, sendo muito dif\u00edcil controlar a introgress\u00e3o de genes de outras ra\u00e7as na popula\u00e7\u00e3o de abelhas nativas. <o:p><\/o:p><\/span><\/div>\n<div style=\"text-align: justify;\"><span style=\"font-size: 22.0pt; line-height: 115%;\"><br \/><\/span><\/div>\n<div style=\"text-align: justify;\"><span style=\"font-size: 22.0pt; line-height: 115%;\">A introdu\u00e7\u00e3o de outras ra\u00e7as, especialmente as provenientes de outras linhagens, pode trazer consigo \u201calelos\u201d (genes) inexistentes na popula\u00e7\u00e3o nativa, modificando o seu perfil gen\u00e9tico. Segundo os estudos, os alelos raros s\u00e3o os primeiros a desaparecer, onde apesar de raros n\u00e3o quer dizer que sejam in\u00fateis.<o:p><\/o:p><\/span><\/div>\n<div style=\"text-align: justify;\"><span style=\"font-size: 22.0pt; line-height: 115%;\"><br \/><\/span><\/div>\n<div style=\"text-align: justify;\"><span style=\"font-size: 22.0pt; line-height: 115%;\">O que nos reserva o Futuro? Ningu\u00e9m sabe\u2026 mas analisando o \u201cpresente\u201d, o futuro vai ser dif\u00edcil.<o:p><\/o:p><\/span><\/div>\n<div style=\"text-align: justify;\"><span style=\"font-size: 22.0pt; line-height: 115%;\"><br \/><\/span><\/div>\n<div style=\"text-align: justify;\"><span style=\"font-size: 22.0pt; line-height: 115%;\">N\u00e3o \u00e9 por acaso que quando temos algum problema em alguns dos nossos api\u00e1rios, temos sempre colmeias que se mant\u00eam fortes e vigorosas, as raz\u00f5es podem ser v\u00e1rias, mas uma das poss\u00edveis justifica\u00e7\u00f5es poder\u00e1 ser as caracter\u00edsticas gen\u00e9ticas dessas abelhas.<o:p><\/o:p><\/span><\/div>\n<div style=\"text-align: justify;\"><span style=\"font-size: 22.0pt; line-height: 115%;\"><br \/><\/span><\/div>\n<div style=\"text-align: justify;\"><span style=\"font-size: 22.0pt; line-height: 115%;\">Na apicultura profissional do s\u00e9culo XXI, come\u00e7a a deixar-se de \u201cimportar\u201d desmesuradamente subesp\u00e9cies puras e em vez disso, est\u00e1-se neste momento a seleccionar as abelhas melhor adaptadas ao territ\u00f3rio, pois j\u00e1 se gastaram as hip\u00f3teses e tentativas todas em busca da abelha perfeita, sendo que neste momento, em alguns pa\u00edses, apenas lhes sobra uma verdadeira salada russa que tentam seleccionar, ou em vez disso, recuperar a esp\u00e9cie nativa, no caso dos pa\u00edses que a tenham. <o:p><\/o:p><\/span><\/div>\n<div style=\"text-align: justify;\"><span style=\"font-size: 22.0pt; line-height: 115%;\"><br \/><\/span><\/div>\n<div style=\"text-align: justify;\"><span style=\"font-size: 22.0pt; line-height: 115%;\">Grandes movimentos de apicultores surgem neste momento por toda a Europa, desde Inglaterra, Irlanda, Alemanha, Fran\u00e7a, entre outros, com o objectivo de recuperar e seleccionar as subesp\u00e9cies nativas.<o:p><\/o:p><\/span><\/div>\n<div style=\"text-align: justify;\"><span style=\"font-size: 22.0pt; line-height: 115%;\"><br \/><\/span><\/div>\n<div style=\"text-align: justify;\"><span style=\"font-size: 22.0pt; line-height: 115%;\">At\u00e9 mesmo na Alemanha, pa\u00eds que abra\u00e7ou um programa de convers\u00e3o da sua abelha negra pela abelha c\u00e1rnica, est\u00e1 neste momento a dar grandes passos na recupera\u00e7\u00e3o da subesp\u00e9cie nativa, havendo inclusive arrependimento de muitos que lideraram o programa.<o:p><\/o:p><\/span><\/div>\n<div style=\"text-align: justify;\"><span style=\"font-size: 22.0pt; line-height: 115%;\"><br \/><\/span><\/div>\n<div style=\"text-align: justify;\"><span style=\"font-size: 22.0pt; line-height: 115%;\">Come\u00e7a tamb\u00e9m a surgir em alguns pa\u00edses a venda de mel produzido por abelhas nativas, numa tentativa de valorizar e proteger as subesp\u00e9cies aut\u00f3ctones.<o:p><\/o:p><\/span><\/div>\n<div style=\"text-align: justify;\"><span style=\"font-size: 22.0pt; line-height: 115%;\"><br \/><\/span><\/div>\n<div style=\"text-align: justify;\"><span style=\"font-size: 22.0pt; line-height: 115%;\">A apicultura profissional do s\u00e9culo XXI, passou neste momento a dar um extremo valor e import\u00e2ncia \u00e0 selec\u00e7\u00e3o das abelhas melhor adaptadas ao seu territ\u00f3rio.<o:p><\/o:p><\/span><\/div>\n<div style=\"text-align: justify;\"><span style=\"font-size: 22.0pt; line-height: 115%;\"><br \/><\/span><\/div>\n<div style=\"text-align: justify;\"><span style=\"font-size: 22.0pt; line-height: 115%;\">O habitat natural da <i>Apis mell\u00edfera <\/i>cobre uma enorme dist\u00e2ncia entre a \u00c1frica do Sul, Oriente e o norte da Europa, onde podemos encontrar diferentes zonas com caracter\u00edsticas Edafo-clim\u00e1ticas distintas, da\u00ed as diferentes subsesp\u00e9cies possu\u00edrem diferentes caracter\u00edsticas, seja morfol\u00f3gicas ou gen\u00e9ticas, sendo o fruto da sua adapta\u00e7\u00e3o ao longo de milhares de anos a esse territ\u00f3rio.<o:p><\/o:p><\/span><\/div>\n<div style=\"text-align: justify;\"><span style=\"font-size: 22.0pt; line-height: 115%;\"><br \/><\/span><\/div>\n<div style=\"text-align: justify;\"><span style=\"font-size: 22.0pt; line-height: 115%;\">Comprar uma rainha de alta casta na Alemanha e vender filhas em Portugal ou noutros pa\u00edses com distintas condi\u00e7\u00f5es edafo-clim\u00e1ticas \u00e9 algo que pertence ao passado.<o:p><\/o:p><\/span><\/div>\n<div style=\"text-align: justify;\"><span style=\"font-size: 22.0pt; line-height: 115%;\"><br \/><\/span><\/div>\n<div style=\"text-align: justify;\"><span style=\"font-size: 22.0pt; line-height: 115%;\">N\u00e3o podemos controlar o \u201cclima\u201d, mas podemos controlar as abelhas que j\u00e1 est\u00e3o devidamente adaptadas a ele. A abelha ib\u00e9rica est\u00e1 completamente adaptada ou clima do nosso pa\u00eds, que em muitas regi\u00f5es, s\u00e3o de extremos. <o:p><\/o:p><\/span><\/div>\n<div style=\"text-align: justify;\"><span style=\"font-size: 22.0pt; line-height: 115%;\"><br \/><\/span><\/div>\n<div style=\"text-align: justify;\"><span style=\"font-size: 22.0pt; line-height: 115%;\">Mesmo que a prefer\u00eancia n\u00e3o seja a ra\u00e7a nativa, as abelhas de outras ra\u00e7as, devem ser antes de tudo testadas e seleccionadas no territ\u00f3rio onde ir\u00e3o produzir, pois o mais comum \u00e9 importarem-se ra\u00e7as de outros pa\u00edses e come\u00e7ar-se imediatamente a vender filhas, pois se a rainha custou 350 euros, tem de ser TOP! Al\u00e9m do mais, o investimento tem de ser recuperado e acima de tudo rentabilizado.<o:p><\/o:p><\/span><\/div>\n<div style=\"text-align: justify;\"><span style=\"font-size: 22.0pt; line-height: 115%;\"><br \/><\/span><\/div>\n<div style=\"text-align: justify;\"><span style=\"font-size: 22.0pt; line-height: 115%;\">Esta \u00e9 a realidade que se vive, pois existe um mercado de rainhas importadas muito tentador, sendo f\u00e1cil seduzir os apicultores com rainhas filhas de matrizes que dizem ser excepcionais, havendo uma tend\u00eancia para acreditar que \u201ca erva \u00e9 mais verde do outro lado da cerca\u201d, ou seja, que as rainhas importadas s\u00e3o superiores \u00e0s abelhas nativas.<o:p><\/o:p><\/span><\/div>\n<div style=\"text-align: justify;\"><span style=\"font-size: 22.0pt; line-height: 115%;\"><br \/><\/span><\/div>\n<div style=\"text-align: justify;\"><span style=\"font-size: 22.0pt; line-height: 115%;\">Este sistema de compra de abelhas de outras ra\u00e7as, n\u00e3o permite que as mesmas se adaptem ao territ\u00f3rio onde produzem, sendo um sistema viciado, que obriga a depend\u00eancia externa, pois existe um mercado comercial muito forte de venda destas rainhas, sejam elas a ligustica, carnica ou at\u00e9 mesmo buckfast que \u00e9 a mais cara, apenas porque est\u00e1 directamente relacionada com um grupo elitista de apicultores hobbistas.<o:p><\/o:p><\/span><\/div>\n<div style=\"text-align: justify;\"><span style=\"font-size: 22.0pt; line-height: 115%;\"><br \/><\/span><\/div>\n<div style=\"text-align: justify;\"><span style=\"font-size: 22.0pt; line-height: 115%;\">Os apicultores s\u00e3o muitas vezes tentados a comprar rainhas de outras ra\u00e7as, pela sua mansid\u00e3o e natureza prol\u00edfica, contudo, estas abelhas introduzidas n\u00e3o foram melhoradas nem testadas no nosso pa\u00eds, sendo que esta docilidade \u00e9 perdida nas gera\u00e7\u00f5es seguintes quando se cruzam com a ra\u00e7a local.<o:p><\/o:p><\/span><\/div>\n<div style=\"text-align: justify;\"><span style=\"font-size: 22.0pt; line-height: 115%;\"><br \/><\/span><\/div>\n<div style=\"text-align: justify;\"><span style=\"font-size: 22.0pt; line-height: 115%;\">Quanto \u00e0 extrema agressividade que estas col\u00f3nias atingem nas gera\u00e7\u00f5es seguintes, os criadores culpam sempre os zang\u00f5es nativos, mas na realidade o mau comportamento e algumas m\u00e1s caracter\u00edsticas, resulta do cruzamento h\u00edbrido entre duas subesp\u00e9cies distintas, seja ao n\u00edvel morfol\u00f3gico como gen\u00e9tico.<o:p><\/o:p><\/span><\/div>\n<div style=\"text-align: justify;\"><span style=\"font-size: 22.0pt; line-height: 115%;\"><br \/><\/span><\/div>\n<div style=\"text-align: justify;\"><span style=\"font-size: 22.0pt; line-height: 115%;\">Quanto \u00e0 elevada prolificidade, em boas condi\u00e7\u00f5es, quando o ano vem bom, estas col\u00f3nias podem atingir dimens\u00f5es impressionantes, que al\u00e9m de um dif\u00edcil maneio, caso as condi\u00e7\u00f5es meteorol\u00f3gicas sejam adversas, resulta no consumo de grandes reservas, morrendo rapidamente de fome. S\u00e3o col\u00f3nias que requerem mais tempo de maneio e inspec\u00e7\u00f5es sucessivas, para n\u00e3o corrermos o risco de morrerem, sendo tamb\u00e9m col\u00f3nias que obrigam a um maior gasto com alimenta\u00e7\u00e3o, pois geralmente as rainhas n\u00e3o param a postura, ou p\u00f5em mais ovos do que deveriam, estando as col\u00f3nias sempre no seu limite a n\u00edvel de reservas, pois \u00e9 comum encontrarmos os quadros secos em algumas alturas do ano.<o:p><\/o:p><\/span><\/div>\n<div style=\"text-align: justify;\"><span style=\"font-size: 22.0pt; line-height: 115%;\"><br \/><\/span><\/div>\n<div style=\"text-align: justify;\"><span style=\"font-size: 22.0pt; line-height: 115%;\">Quando se compram abelhas de outras ra\u00e7as, normalmente nunca sabemos a forma como foram criadas e seleccionadas, restando-nos o marketing via redes sociais ou website dos criadores, sendo que na maioria das vezes, estas abelhas t\u00eam proveni\u00eancia de zonas muito mais pobres ao n\u00edvel de \u201cflora\u201d, pois ao contr\u00e1rio do resto da europa, a pen\u00ednsula ib\u00e9rica apresenta a maior diversidade de plantas e flores a n\u00edvel europeu. Quanto \u00e0s condi\u00e7\u00f5es meteorol\u00f3gicas a que est\u00e3o adaptadas tamb\u00e9m s\u00e3o totalmente distintas.<o:p><\/o:p><\/span><\/div>\n<div style=\"text-align: justify;\"><span style=\"font-size: 22.0pt; line-height: 115%;\">E se houver percas, perfeito, pois quer dizer que v\u00e3o comprar mais rainhas, caso contr\u00e1rio as gera\u00e7\u00f5es seguintes n\u00e3o ser\u00e3o nada agrad\u00e1veis de manusear.<o:p><\/o:p><\/span><\/div>\n<div style=\"text-align: justify;\"><span style=\"font-size: 22.0pt; line-height: 115%;\"><br \/><\/span><\/div>\n<div style=\"text-align: justify;\"><span style=\"font-size: 22.0pt; line-height: 115%;\">A importa\u00e7\u00e3o de rainhas de outras ra\u00e7as n\u00e3o passa neste momento de um neg\u00f3cio, n\u00e3o havendo interesse que se melhorem as ra\u00e7as locais.<o:p><\/o:p><\/span><\/div>\n<div style=\"text-align: justify;\"><span style=\"font-size: 22.0pt; line-height: 115%;\"><br \/><\/span><\/div>\n<div style=\"text-align: justify;\"><span style=\"font-size: 22.0pt; line-height: 115%;\">N\u00e3o somos contra a venda ou uso de outras ra\u00e7as, at\u00e9 porque quando nos perguntam a nossa opini\u00e3o, a resposta \u00e9 sempre a mesma\u2026 \u201cexperimente\u201d, pois j\u00e1 samos o resultado final.&nbsp;<\/span><\/div>\n<div style=\"text-align: justify;\"><span style=\"font-size: 22.0pt; line-height: 115%;\"><br \/><\/span><\/div>\n<div style=\"text-align: justify;\"><span style=\"font-size: 22.0pt; line-height: 115%;\">O apicultor satisfaz esse desejo de manusear uma col\u00f3nia mansa com uma rainha amarela, mas rapidamente se apercebe que na sua explora\u00e7\u00e3o essas abelhas n\u00e3o dar\u00e3o resultado, pois assim que essas col\u00f3nias substituem a rainha ou a rainha morre\u2026 come\u00e7am os problemas, especialmente ao n\u00edvel da defensividade (agressividade), que chega a ser extrema.<o:p><\/o:p><\/span><\/div>\n<div style=\"text-align: justify;\"><span style=\"font-size: 22.0pt; line-height: 115%;\"><br \/><\/span><\/div>\n<div style=\"text-align: justify;\"><span style=\"font-size: 22.0pt; line-height: 115%;\">Outra situa\u00e7\u00e3o, \u00e9 a compra de quantidades impressionantes de rainhas na Am\u00e9rica do Sul e das poucas que sobrevivem \u00e0 introdu\u00e7\u00e3o nas col\u00f3nias de abelhas nativas, muitas ficam paradas e n\u00e3o desenvolvem. Claro que quando a primavera arranca no seu pleno, havendo \u201cfartura\u201d, as col\u00f3nias reagem bem e at\u00e9 t\u00eam produ\u00e7\u00f5es bastante boas, contudo, quando chega o Ver\u00e3o e depois o Inverno, ou se apanham um ano mau, tudo se complica. Digamos que as col\u00f3nias parecem aut\u00eanticas concertinas, com muitos altos e baixos.<o:p><\/o:p><\/span><\/div>\n<div style=\"text-align: justify;\"><span style=\"font-size: 22.0pt; line-height: 115%;\"><br \/><\/span><\/div>\n<div style=\"text-align: justify;\"><span style=\"font-size: 22.0pt; line-height: 115%;\">Em anos bons todas as ra\u00e7as s\u00e3o boas, mas o que importa \u00e9 conseguir manter os efectivos sem grandes percas em anos maus e at\u00e9 mesmo produzir&#8230; mas no caso de outras ra\u00e7as em Portugal, que \u00e9 normal haver baixas presta\u00e7\u00f5es e grandes percas, existem sempre desculpas&#8230; que por interesse nunca s\u00e3o atribu\u00eddas \u00e0 ra\u00e7a da abelha&#8230;<\/span><\/div>\n<div style=\"text-align: justify;\"><span style=\"font-size: 22.0pt; line-height: 115%;\"><br \/><\/span><\/div>\n<div style=\"text-align: justify;\"><span style=\"font-size: 22.0pt; line-height: 115%;\">N\u00e3o fossem as abelhas ib\u00e9ricas a produzir o mel de alguns apicultores defensores de outras ra\u00e7as, seria a ru\u00edna dos mesmos!<\/span><\/div>\n<div style=\"text-align: justify;\"><span style=\"font-size: 22.0pt; line-height: 115%;\"><br \/><\/span><\/div>\n<div style=\"text-align: justify;\"><span style=\"font-size: 22.0pt; line-height: 115%;\">Apesar da nossa explora\u00e7\u00e3o ser de cria\u00e7\u00e3o de rainhas, nunca vendemos rainhas de outras ra\u00e7as (a n\u00e3o ser 4 virgens buckfast a um cliente teimoso), pois nunca verificamos que as ra\u00e7as e linhas que possu\u00edmos fossem dignas de ser reproduzidas e comercializadas, pois o facto de serem mansas e algumas produzirem um pouco acima da m\u00e9dia, estas duas caracter\u00edsticas, n\u00e3o suficientes para lhes atribuir valor.<o:p><\/o:p><\/span><\/div>\n<div style=\"text-align: justify;\"><span style=\"font-size: 22.0pt; line-height: 115%;\"><br \/><\/span><\/div>\n<div style=\"text-align: justify;\"><span style=\"font-size: 22.0pt; line-height: 115%;\">E o facto de haver uma ou outra que tenha obtido produ\u00e7\u00f5es excepcionais\u2026 essa produ\u00e7\u00e3o n\u00e3o est\u00e1 directamente relacionada com as suas caracter\u00edsticas gen\u00e9ticas produtivas, mas sim por ser uma boa ladra. <o:p><\/o:p><\/span><\/div>\n<div style=\"text-align: justify;\"><span style=\"font-size: 22.0pt; line-height: 115%;\"><br \/><\/span><\/div>\n<div style=\"text-align: justify;\"><span style=\"font-size: 22.0pt; line-height: 115%;\">\u00c9 completamente errado julgar positivamente uma ra\u00e7a de abelhas, \u00fanica e exclusivamente por ter havido uma minoria de colmeias a obter boas produ\u00e7\u00f5es.<\/span><\/div>\n<div style=\"text-align: justify;\"><span style=\"font-size: 22.0pt; line-height: 115%;\"><br \/><\/span><\/div>\n<div style=\"text-align: justify;\"><span style=\"font-size: 22.0pt; line-height: 115%;\">J\u00e1 o Padre Adam dizia \u201c<b><i>Da minha experi\u00eancia, as col\u00f3nias que se destacam isoladamente como melhor produtoras de mel, s\u00e3o as primeiras a roubar. As minhas observa\u00e7\u00f5es, levam-me a acreditar que estas duas caracter\u00edsticas est\u00e3o interligadas<\/i><\/b>\u201d.<o:p><\/o:p><\/span><\/div>\n<div style=\"text-align: justify;\"><\/div>\n<div style=\"text-align: justify;\"><span style=\"font-size: 22.0pt; line-height: 115%;\">Importamos rainhas de It\u00e1lia, Fran\u00e7a, Alemanha, Dinamarca e Eslov\u00e9nia, entre Ligusticas, Buckfast, Caucasicas e C\u00e1rnicas, algumas de distintos criadores a pre\u00e7os bastante elevados e podemos dizer que apesar de termos tido muito prazer em trabalhar com abelhas mansas, n\u00e3o tivemos uma \u00fanica col\u00f3nia pura que nos impressionasse, pois o facto de possuirmos um grande efectivo de colmeias ib\u00e9ricas e sermos bastante sens\u00edveis a estas quest\u00f5es, nunca nenhuma superou as nossas melhores col\u00f3nias de ib\u00e9ricas. <o:p><\/o:p><\/span><\/div>\n<div style=\"text-align: justify;\"><span style=\"font-size: 22.0pt; line-height: 115%;\"><br \/><\/span><\/div>\n<div style=\"text-align: justify;\"><span style=\"font-size: 22.0pt; line-height: 115%;\">Quando falamos em melhores, falamos ao n\u00edvel das caracter\u00edsticas produtivas, um forte arranque de primavera com ceras puxadas no \u201ccedo\u201d, ainda com uma baixa popula\u00e7\u00e3o, grande vigor, produ\u00e7\u00e3o r\u00e1pida de mel, resposta positiva ap\u00f3s transum\u00e2ncia, bem como uma boa \u201csegunda\u201d ou mesmo \u201cterceira\u201d produ\u00e7\u00e3o, como foi o caso do ano de 2016.<o:p><\/o:p><\/span><\/div>\n<div style=\"text-align: justify;\"><span style=\"font-size: 22.0pt; line-height: 115%;\"><br \/><\/span><\/div>\n<div style=\"text-align: justify;\"><span style=\"font-size: 22.0pt; line-height: 115%;\">Quem quer experimentar abelhas de outras ra\u00e7as, ter\u00e1 de as comprar a um criador que lhes garanta que foram testadas e seleccionadas no nosso pa\u00eds, uma selec\u00e7\u00e3o que desconhe\u00e7emos que exista em Portugal, at\u00e9 porque, atrevemo-nos a dizer que \u00e9 quase imposs\u00edvel no nosso territ\u00f3rio.<o:p><\/o:p><\/span><\/div>\n<div style=\"text-align: justify;\"><span style=\"font-size: 22.0pt; line-height: 115%;\"><br \/><\/span><\/div>\n<div style=\"text-align: justify;\"><span style=\"font-size: 22.0pt; line-height: 115%;\">O resultado das introdu\u00e7\u00f5es de outras ra\u00e7as \u00e9 sempre o mesmo\u2026 muitas morrem durante a introdu\u00e7\u00e3o, umas n\u00e3o desenvolvem\u2026 outras v\u00e3o mais ou menos\u2026 uma ou outra \u00e9 boa, tentamos outra linha de outro criador\u2026 at\u00e9 correu bem pois o ano veio bom\u2026 no ano seguinte volta a n\u00e3o funcionar\u2026 experimentamos outra ra\u00e7a\u2026 n\u00e3o funciona\u2026 experimentamos outra linha de outro criador\u2026 e a hist\u00f3ria repete-se, os anos passam, e quando j\u00e1 dever\u00edamos estar focados a produzir ou com outros objectivos na nossa explora\u00e7\u00e3o, ainda estamos a perder tempo com algo t\u00e3o b\u00e1sico, que \u00e9 a ra\u00e7a de abelhas que ir\u00e1 servir de base na nossa explora\u00e7\u00e3o.<o:p><\/o:p><\/span><\/div>\n<div style=\"text-align: justify;\"><span style=\"font-size: 22.0pt; line-height: 115%;\"><br \/><\/span><\/div>\n<div style=\"text-align: justify;\"><span style=\"font-size: 22.0pt; line-height: 115%;\">Se fizermos uma m\u00e9dia \u00e0 vida \u00fatil de rainhas de outras ra\u00e7as, andar\u00e1 mais ou menos pelos 6 meses a 1 ano&#8230; isto se forem bem feitas as contas.<\/span><\/div>\n<div style=\"text-align: justify;\"><span style=\"font-size: 22.0pt; line-height: 115%;\"><br \/><\/span><\/div>\n<div style=\"text-align: justify;\"><span style=\"font-size: 22.0pt; line-height: 115%;\">Recentemente, um grande criador de rainhas de outras ra\u00e7as, conhecedor da ra\u00e7a ib\u00e9rica e realidade portuguesa, tendo j\u00e1 vendido muitas rainhas para Portugal disse-me:&nbsp;<\/span><\/div>\n<div style=\"text-align: justify;\"><span style=\"font-size: 22.0pt; line-height: 115%;\"><br \/><\/span><\/div>\n<div style=\"text-align: justify;\"><span style=\"font-size: 22.0pt; line-height: 115%;\">\u201c<b>Jo\u00e3o, os apicultores que tentarem a todo o custo converter as suas abelhas ib\u00e9ricas por outras de ra\u00e7as distintas, ou a sua explora\u00e7\u00e3o n\u00e3o cresce, pelo tempo perdido e maus resultados, ou pior, vai \u00e0 fal\u00eancia<\/b>\u201d.<o:p><\/o:p><\/span><\/div>\n<div style=\"text-align: justify;\"><span style=\"font-size: 22.0pt; line-height: 115%;\"><br \/><\/span><\/div>\n<div style=\"text-align: justify;\"><span style=\"font-size: 22.0pt; line-height: 115%;\">Conhe\u00e7emos pessoas que come\u00e7aram com as abelhas italianas, agora est\u00e3o com as Buckfast, dentro de alguns anos, v\u00e3o descobrir a C\u00e1rnicas, depois uma linha resistente a qualquer coisa, cometendo o erro que muitos outros cometeram em alguns pa\u00edses europeus como \u00e9 o caso da Fran\u00e7a, que muitos apicultores neste momento apenas se limitam a seleccionar o material que t\u00eam, ou tentam converter novamente as suas col\u00f3nias para a ra\u00e7a nativa. Uma realidade que presenciamos em 2012, quando visitamos alguns apicultores profissionais nesse pa\u00eds, inclusivamente Gilles Fert, que falou muito nesta mudan\u00e7a de atitude.<o:p><\/o:p><\/span><\/div>\n<div style=\"text-align: justify;\"><span style=\"font-size: 22.0pt; line-height: 115%;\"><br \/><\/span><\/div>\n<div style=\"text-align: justify;\"><span style=\"font-size: 22.0pt; line-height: 115%;\">Como \u00e9 \u00f3bvio, num pa\u00eds como o nosso, onde a apicultura faz parte da nossa cultura, havendo colmeias, corti\u00e7os, enxames selvagens, onde menos esperamos\u2026 as abelhas aut\u00f3ctones est\u00e3o por todo o lado, sendo de todo imposs\u00edvel seleccionar abelhas introduzidas, pois desde o momento que as rainhas se cruzam com zang\u00f5es nativos perdeu-se o controle e passamos ou a ter \u201ch\u00edbridos terminais\u201d (cruzamento entre duas ra\u00e7as puras. Rainhas que s\u00f3 s\u00e3o usadas uma vez), ou a ter os chamados pelo padre Adam \u201cMongrels\u201d, abelhas de cruzamentos desconhecidos, que s\u00e3o descartadas.<o:p><\/o:p><\/span><\/div>\n<div style=\"text-align: justify;\"><span style=\"font-size: 22.0pt; line-height: 115%;\"><br \/><\/span><\/div>\n<div style=\"text-align: justify;\"><span style=\"font-size: 22.0pt; line-height: 115%;\">Apesar desta realidade, mais que comprovada cientificamente, surgem indiv\u00edduos a vender abelhas h\u00edbridas, sendo uma perfeita aberra\u00e7\u00e3o e profundo desconhecimento das no\u00e7\u00f5es b\u00e1sicas da selec\u00e7\u00e3o gen\u00e9tica, pois seleccionar h\u00edbridos de cruzamentos desconhecidos, onde al\u00e9m disso, nem a exist\u00eancia de marcadores gen\u00e9ticos \u00e9 poss\u00edvel, n\u00e3o passa de um simples oportunismo do desconhecimento destas quest\u00f5es pela grande maioria dos apicultores que compra essas abelhas, apenas pela sedu\u00e7\u00e3o do slogan publicit\u00e1rio.<o:p><\/o:p><\/span><\/div>\n<div style=\"text-align: justify;\"><span style=\"font-size: 22.0pt; line-height: 115%;\"><br \/><\/span><\/div>\n<div style=\"text-align: justify;\"><span style=\"font-size: 22.0pt; line-height: 115%;\">A selec\u00e7\u00e3o gen\u00e9tica de abelhas \u00e9 muito complexa, e neste caso da introdu\u00e7\u00e3o de ra\u00e7as num pa\u00eds onde existe uma abelha nativa dominante \u00e9 de todo uma \u201cguerra perdida\u201d para os apicultores profissionais que tentem a todo o custo converter a sua explora\u00e7\u00e3o, pois nunca conseguir\u00e3o vir a ter uma ra\u00e7a est\u00e1vel e devidamente adaptada \u00e0s condi\u00e7\u00f5es do seu pa\u00eds.<o:p><\/o:p><\/span><\/div>\n<div style=\"text-align: justify;\"><span style=\"font-size: 22.0pt; line-height: 115%;\"><br \/><\/span><\/div>\n<div style=\"text-align: justify;\"><span style=\"font-size: 22.0pt; line-height: 115%;\">Quando falamos em ra\u00e7a est\u00e1vel, falamos em ter abelhas que mesmo que ocorra uma enxamea\u00e7\u00e3o, substitui\u00e7\u00e3o de rainha, etc, etc, as abelhas descendentes manterem as mesmas caracter\u00edsticas produtivas e comportamentais, algo dif\u00edcil de alcan\u00e7ar quando os cruzamentos com zang\u00f5es nativos e de proveni\u00eancia desconhecida \u00e9 o mais comum. <o:p><\/o:p><\/span><\/div>\n<div style=\"text-align: justify;\"><span style=\"font-size: 22.0pt; line-height: 115%;\"><br \/><\/span><\/div>\n<div style=\"text-align: justify;\"><span style=\"font-size: 22.0pt; line-height: 115%;\">Numa explora\u00e7\u00e3o profissional n\u00e3o existe tempo para tomar conta de situa\u00e7\u00f5es desta natureza, pois na \u00e9poca de maior trabalho n\u00e3o podemos andar preocupados em introduzir novamente uma rainha pura, ou \u201ch\u00edbrida terminal\u201d, nas col\u00f3nias que vamos identificando no campo\u2026 e at\u00e9 porque \u00e9 um custo extra que pesa no final do ano.<o:p><\/o:p><\/span><\/div>\n<div style=\"text-align: justify;\"><span style=\"font-size: 22.0pt; line-height: 115%;\"><br \/><\/span><\/div>\n<div style=\"text-align: justify;\"><span style=\"font-size: 22.0pt; line-height: 115%;\">Quando terminamos de substituir rainhas numa ponta, temos de come\u00e7ar novamente na outra, pois j\u00e1 houve novas substitui\u00e7\u00f5es, morte natural ou acidental de rainhas, enxamea\u00e7\u00e3o, etc, etc, sendo uma luta constante manter linhagens puras.<o:p><\/o:p><\/span><\/div>\n<div style=\"text-align: justify;\"><span style=\"font-size: 22.0pt; line-height: 115%;\"><br \/><\/span><\/div>\n<div style=\"text-align: justify;\"><span style=\"font-size: 22.0pt; line-height: 115%;\">Claro que em pa\u00edses, como por exemplo no continente americano ou Australiano, onde as abelhas foram introduzidas, sendo a abelha uma esp\u00e9cie ex\u00f3tica, trabalhar com outras ra\u00e7as \u00e9 totalmente distinto, pois come\u00e7ando pelo facto de n\u00e3o existirem col\u00f3nias nativas em qualquer canto, podem limitar-se a seleccionar as que melhor se adaptam e produzem ano ap\u00f3s ano.&nbsp;<\/span><\/div>\n<div style=\"text-align: justify;\"><span style=\"font-size: 22.0pt; line-height: 115%;\"><br \/><\/span><\/div>\n<div style=\"text-align: justify;\"><span style=\"font-size: 22.0pt; line-height: 115%;\">\u00c9 o caso do Chile, onde estivemos recentemente e ao falarmos com um grande criador de rainhas, nos transmitiu que lhes deu muito trabalho conseguir uma abelha que os satisfizesse a todos os n\u00edveis, especialmente no que toca \u00e0 adapta\u00e7\u00e3o ao territ\u00f3rio Chileno onde reside, pois foi muito dif\u00edcil estabilizar uma abelha que \u201cpara-se\u201d a postura nas \u00e9pocas de car\u00eancia, pois n\u00e3o podem andar a alimentar constantemente, e pior, n\u00e3o existe tempo para monitorizar constantemente as col\u00f3nias para que n\u00e3o morram \u00e0 fome nos per\u00edodos que n\u00e3o existe flora\u00e7\u00e3o. <o:p><\/o:p><\/span><\/div>\n<div style=\"text-align: justify;\"><span style=\"font-size: 22.0pt; line-height: 115%;\"><br \/><\/span><\/div>\n<div style=\"text-align: justify;\"><span style=\"font-size: 22.0pt; line-height: 115%;\">Neste tipo de pa\u00edses a base gen\u00e9tica principal \u00e9 a Ligustica (Italiana), sendo a abelha Carnica a segunda mais utilizada. Pertencendo estas duas ra\u00e7as \u00e0 mesma linhagem (C), torna tudo mais simples, pois estas duas ra\u00e7as s\u00e3o geneticamente muito pr\u00f3ximas, sendo f\u00e1cil estabilizar determinadas caracter\u00edsticas quando selecionam em grande escala. A t\u00edtulo de curiosidade, \u00e9 geneticamente mais pr\u00f3xima a Ligustica da C\u00e1rnica que a Ib\u00e9rica da mell\u00edfera mell\u00edfera.<o:p><\/o:p><\/span><\/div>\n<div style=\"text-align: justify;\"><span style=\"font-size: 22.0pt; line-height: 115%;\"><br \/><\/span><\/div>\n<div style=\"text-align: justify;\"><span style=\"font-size: 22.0pt; line-height: 115%;\">Este criador com quem estivemos no Chile, tinha agora importado algumas rainhas Buckfast da Europa e nem sequer lhes iam fazer filhas, pois n\u00e3o se podiam dar ao luxo de estragar todo o trabalho que desenvolveram ao longo dos \u00faltimos anos. Apenas as mant\u00eam pois s\u00e3o extremamente d\u00f3ceis e d\u00e1 jeito para a fotografia.<o:p><\/o:p><\/span><\/div>\n<div style=\"text-align: justify;\"><span style=\"font-size: 22.0pt; line-height: 115%;\"><br \/><\/span><\/div>\n<div style=\"text-align: justify;\"><span style=\"font-size: 22.0pt; line-height: 115%;\">Alguns apicultores pertencentes \u00e0 \u201cFarandula Ap\u00edcola\u201d, est\u00e3o neste momento a vender Buckfast, sem moda em todo o Mundo, pois existe um mercado, sendo um neg\u00f3cio rent\u00e1vel, contudo, quem \u00e9 um verdadeiro apicultor profissional, conhecedor da realidade, procura material gen\u00e9tico adaptado e testado no terreno, independentemente da sua ra\u00e7a preferencial.<o:p><\/o:p><\/span><\/div>\n<div style=\"text-align: justify;\"><span style=\"font-size: 22.0pt; line-height: 115%;\"><br \/><\/span><\/div>\n<div style=\"text-align: justify;\"><span style=\"font-size: 22.0pt; line-height: 115%;\">N\u00f3s pr\u00f3prios, as primeiras col\u00f3nias buckfast que tivemos, morreram todas de fome, pois enquanto as ib\u00e9ricas que pareciam mais \u201cd\u00e9beis\u201d sobreviveram, as buckfast que estavam fortes e lind\u00edssimas\u2026 morreram\u2026 tudo porque a rainha n\u00e3o cessou a postura e as reservas foram sendo consumidas at\u00e9 ao limite. Uma semana de chuva e frio foi o suficiente!<o:p><\/o:p><\/span><\/div>\n<div style=\"text-align: justify;\"><span style=\"font-size: 22.0pt; line-height: 115%;\"><br \/><\/span><\/div>\n<div style=\"text-align: justify;\"><span style=\"font-size: 22.0pt; line-height: 115%;\">Outra experi\u00eancia que tivemos, que veio consolidar a defesa da abelha ib\u00e9rica, foi o facto de \u00e0 4 anos, ap\u00f3s transum\u00e2ncia de 600 colmeias para o distrito da Guarda, deparamo-nos com a estagna\u00e7\u00e3o total de todas as col\u00f3nias buckfast que possu\u00edamos, tanto F0 como F1. Enquanto as abelhas ib\u00e9ricas explodiram, as buckfast n\u00e3o gostaram de ser transumadas e apenas 2 ou 3 produziram mel. Houve enxames novos ib\u00e9ricos que al\u00e9m de enxerem o ninho fizeram meia al\u00e7a de mel.<o:p><\/o:p><\/span><\/div>\n<div style=\"text-align: justify;\"><span style=\"font-size: 22.0pt; line-height: 115%;\"><br \/><\/span><\/div>\n<div style=\"text-align: justify;\"><span style=\"font-size: 22.0pt; line-height: 115%;\">Desde esse ano que tomamos a decis\u00e3o de dedicar-nos \u00e0 abelha ib\u00e9rica.<o:p><\/o:p><\/span><\/div>\n<div style=\"text-align: justify;\"><span style=\"font-size: 22.0pt; line-height: 115%;\"><br \/><\/span><\/div>\n<div style=\"text-align: justify;\"><span style=\"font-size: 22.0pt; line-height: 115%;\">Esta \u00e9 a nossa opini\u00e3o e experi\u00eancia sobre o uso de outras ra\u00e7as, opini\u00e3o criada com a nossa experi\u00eancia de campo, numa explora\u00e7\u00e3o verdadeiramente profissional, que tudo faz para obter a maior rentabilidade poss\u00edvel das suas abelhas. Se as ra\u00e7as que experimentamos fossem realmente boas, acreditem que estariamos aqui a defend\u00ea-las\u2026 contudo temos que defender as abelhas que d\u00e3o sustentabilidade \u00e0 nossa explora\u00e7\u00e3o e pagam as despesas e ordenados, que neste caso \u00e9 a abelha aut\u00f3ctone portuguesa, a abelha ib\u00e9rica.<o:p><\/o:p><\/span><\/div>\n<div style=\"text-align: justify;\"><span style=\"font-size: 22.0pt; line-height: 115%;\"><br \/><\/span><\/div>\n<div style=\"text-align: justify;\"><span style=\"font-size: 22.0pt; line-height: 115%;\">Por fim deixamos um recente estudo dos membros da associa\u00e7\u00e3o COLOSS.<o:p><\/o:p><\/span><\/div>\n<div style=\"text-align: justify;\"><span style=\"font-size: 22.0pt; line-height: 115%;\"><br \/><\/span><\/div>\n<div style=\"margin-bottom: 11.25pt; margin-left: 0cm; margin-right: 0cm; margin-top: 0cm; text-align: justify; vertical-align: baseline;\"><b><span lang=\"ES-TRAD\" style=\"font-family: &quot;Calibri&quot;,&quot;sans-serif&quot;; font-size: 22.0pt; mso-ansi-language: ES-TRAD; mso-ascii-theme-font: minor-latin; mso-bidi-font-family: &quot;Times New Roman&quot;; mso-bidi-theme-font: minor-bidi; mso-fareast-font-family: Calibri; mso-fareast-language: EN-US; mso-fareast-theme-font: minor-latin; mso-hansi-theme-font: minor-latin;\">ESTUDO: Members of the international honey bee research association COLOSS<o:p><\/o:p><\/span><\/b><\/div>\n<div style=\"margin-bottom: 11.25pt; margin-left: 0cm; margin-right: 0cm; margin-top: 0cm; text-align: justify; vertical-align: baseline;\"><span lang=\"ES-TRAD\" style=\"font-family: &quot;Calibri&quot;,&quot;sans-serif&quot;; font-size: 22.0pt; mso-ansi-language: ES-TRAD; mso-ascii-theme-font: minor-latin; mso-bidi-font-family: &quot;Times New Roman&quot;; mso-bidi-theme-font: minor-bidi; mso-fareast-font-family: Calibri; mso-fareast-language: EN-US; mso-fareast-theme-font: minor-latin; mso-hansi-theme-font: minor-latin;\">A total of 621 colonies of 16 different genetic origins were set up in 21 apiaries in 11 different European countries managed by 15 research partners. Each location housed the local strain of bee together with two of \u201cforeign\u201d origins. The colonies were set up in the summer of 2009 and were managed and evaluated according to a standard protocol used by all participants until 2012.<o:p><\/o:p><\/span><\/div>\n<div style=\"margin-bottom: 11.25pt; margin-left: 0cm; margin-right: 0cm; margin-top: 0cm; text-align: justify; vertical-align: baseline;\"><b><span lang=\"ES-TRAD\" style=\"font-family: &quot;Calibri&quot;,&quot;sans-serif&quot;; font-size: 22.0pt; mso-ansi-language: ES-TRAD; mso-ascii-theme-font: minor-latin; mso-bidi-font-family: &quot;Times New Roman&quot;; mso-bidi-theme-font: minor-bidi; mso-fareast-font-family: Calibri; mso-fareast-language: EN-US; mso-fareast-theme-font: minor-latin; mso-hansi-theme-font: minor-latin;\">IBRA Science Director Norman Carreck says: <\/span><\/b><span lang=\"ES-TRAD\" style=\"font-family: &quot;Calibri&quot;,&quot;sans-serif&quot;; font-size: 22.0pt; mso-ansi-language: ES-TRAD; mso-ascii-theme-font: minor-latin; mso-bidi-font-family: &quot;Times New Roman&quot;; mso-bidi-theme-font: minor-bidi; mso-fareast-font-family: Calibri; mso-fareast-language: EN-US; mso-fareast-theme-font: minor-latin; mso-hansi-theme-font: minor-latin;\">\u201cThe results of these experiments show that the locally adapted strains of honey bee consistently performed better than the \u201cforeign\u201d strains. This may seem logical to many bee scientists, but may come as something as a shock for many beekeepers who believe that purchased queens are likely to be in some way \u201cbetter\u201d than the bees that they already have in their own hives. There is growing evidence of the adverse effects of the global trade in honey bees, which has led to the spread of novel pests and diseases. These papers which provide evidence that locally-adapted honey bee strains consistently perform better than imported strains may thus strengthen local bee breeding programmes, and encourage the use of locally bred queens over those imported from elsewhere\u201d<o:p><\/o:p><\/span><\/div>\n<div style=\"margin-bottom: 11.25pt; margin-left: 0cm; margin-right: 0cm; margin-top: 0cm; text-align: justify; vertical-align: baseline;\"><span style=\"font-family: &quot;Calibri&quot;,&quot;sans-serif&quot;; font-size: 22.0pt; mso-ascii-theme-font: minor-latin; mso-bidi-font-family: &quot;Times New Roman&quot;; mso-bidi-theme-font: minor-bidi; mso-fareast-font-family: Calibri; mso-fareast-language: EN-US; mso-fareast-theme-font: minor-latin; mso-hansi-theme-font: minor-latin;\">\u201cOs resultados desta experiencia demonstram que as linhas de abelhas locais, t\u00eam um melhor desempenho que as ra\u00e7as importadas.<o:p><\/o:p><\/span><\/div>\n<div style=\"margin-bottom: 11.25pt; margin-left: 0cm; margin-right: 0cm; margin-top: 0cm; text-align: justify; vertical-align: baseline;\"><span style=\"font-family: &quot;Calibri&quot;,&quot;sans-serif&quot;; font-size: 22.0pt; mso-ascii-theme-font: minor-latin; mso-bidi-font-family: &quot;Times New Roman&quot;; mso-bidi-theme-font: minor-bidi; mso-fareast-font-family: Calibri; mso-fareast-language: EN-US; mso-fareast-theme-font: minor-latin; mso-hansi-theme-font: minor-latin;\">Este resultado \u00e9 l\u00f3gico para qualquer cientista, mas parece chocar alguns apicultores que acreditam que comprar rainhas de outras ra\u00e7as seja melhor que manter as abelhas que j\u00e1 possuem nas suas colmeias. <o:p><\/o:p><\/span><\/div>\n<div style=\"margin-bottom: 11.25pt; margin-left: 0cm; margin-right: 0cm; margin-top: 0cm; text-align: justify; vertical-align: baseline;\"><span style=\"font-family: &quot;Calibri&quot;,&quot;sans-serif&quot;; font-size: 22.0pt; mso-ascii-theme-font: minor-latin; mso-bidi-font-family: &quot;Times New Roman&quot;; mso-bidi-theme-font: minor-bidi; mso-fareast-font-family: Calibri; mso-fareast-language: EN-US; mso-fareast-theme-font: minor-latin; mso-hansi-theme-font: minor-latin;\">Este estudo que demonstra que as ra\u00e7as locais t\u00eam um melhor desempenho que as ra\u00e7as importadas deveria dar for\u00e7a aos programas de selec\u00e7\u00e3o e encorajar o uso de rainhas de ra\u00e7as locais.\u201d<o:p><\/o:p><\/span><\/div>\n<div style=\"margin-bottom: 11.25pt; margin-left: 0cm; margin-right: 0cm; margin-top: 0cm; text-align: justify; vertical-align: baseline;\"><b><span style=\"font-family: &quot;Calibri&quot;,&quot;sans-serif&quot;; font-size: 22.0pt; mso-ascii-theme-font: minor-latin; mso-bidi-font-family: &quot;Times New Roman&quot;; mso-bidi-theme-font: minor-bidi; mso-fareast-font-family: Calibri; mso-fareast-language: EN-US; mso-fareast-theme-font: minor-latin; mso-hansi-theme-font: minor-latin;\">Norman Carreck<o:p><\/o:p><\/span><\/b><\/div>\n<div style=\"text-align: justify;\"><span style=\"font-size: 22.0pt; line-height: 115%;\">Para terminar, este ano conhecemos um Sui\u00e7o que tem viajado de bicicleta pela Europa a conhecer a realidade ap\u00edcola dos pa\u00edses e de todos, o que mais o satisfez foi Portugal, pois ficou bastante admirado pelo facto da quase totalidade dos apicultores portugueses s\u00f3 usarem a ra\u00e7a aut\u00f3ctone. <o:p><\/o:p><\/span><\/div>\n<div style=\"text-align: justify;\"><span style=\"font-size: 22.0pt; line-height: 115%;\">Terminamos dizendo que n\u00e3o deixem de experimentar outras ra\u00e7as, nem que seja para comprovarem que a abelha ib\u00e9rica \u00e9 uma boa abelha. E antes dizerem bem de outras ra\u00e7as ou de criticarem a nossa abelha, fa\u00e7am-no pelo conhecimento profundo que t\u00eam e n\u00e3o pelo que houvem falar, pelo que l\u00eaem.<o:p><\/o:p><\/span><\/div>\n<div style=\"text-align: justify;\"><\/div>\n<div style=\"text-align: justify;\"><span style=\"font-size: 22.0pt; line-height: 115%;\">Jo\u00e3o Tom\u00e9<o:p><\/o:p><\/span><\/div>\n<div style=\"text-align: justify;\"><b><i><span style=\"font-size: 22.0pt; line-height: 115%;\">\u2026um apicultor pela apicultura\u2026<o:p><\/o:p><\/span><\/i><\/b><\/div>\n<div style=\"text-align: justify;\"><\/div>\n<p><\/p>\n","protected":false},"excerpt":{"rendered":"<p>Apis mellifera iberiensis A abelha Apis mellifera\u00e9 um insecto selvagem, que n\u00f3s Humanos, apenas cuidamos e nos limitamos a fornecer uma casa artificial de forma a termos um acesso f\u00e1cil aos seus recursos, como \u00e9 o caso do mel. As abelhas atrav\u00e9s da enxamea\u00e7\u00e3o podem a qualquer momento abandonar a casa que lhe fornecemos e [&hellip;]<\/p>\n","protected":false},"author":1,"featured_media":1005697,"comment_status":"closed","ping_status":"closed","sticky":false,"template":"","format":"standard","meta":{"inline_featured_image":false,"_joinchat":[],"footnotes":""},"categories":[1],"tags":[],"class_list":["post-1005876","post","type-post","status-publish","format-standard","has-post-thumbnail","hentry","category-uncategorized"],"_links":{"self":[{"href":"https:\/\/valedorosmaninho.com\/es\/wp-json\/wp\/v2\/posts\/1005876","targetHints":{"allow":["GET"]}}],"collection":[{"href":"https:\/\/valedorosmaninho.com\/es\/wp-json\/wp\/v2\/posts"}],"about":[{"href":"https:\/\/valedorosmaninho.com\/es\/wp-json\/wp\/v2\/types\/post"}],"author":[{"embeddable":true,"href":"https:\/\/valedorosmaninho.com\/es\/wp-json\/wp\/v2\/users\/1"}],"replies":[{"embeddable":true,"href":"https:\/\/valedorosmaninho.com\/es\/wp-json\/wp\/v2\/comments?post=1005876"}],"version-history":[{"count":1,"href":"https:\/\/valedorosmaninho.com\/es\/wp-json\/wp\/v2\/posts\/1005876\/revisions"}],"predecessor-version":[{"id":1005963,"href":"https:\/\/valedorosmaninho.com\/es\/wp-json\/wp\/v2\/posts\/1005876\/revisions\/1005963"}],"wp:featuredmedia":[{"embeddable":true,"href":"https:\/\/valedorosmaninho.com\/es\/wp-json\/wp\/v2\/media\/1005697"}],"wp:attachment":[{"href":"https:\/\/valedorosmaninho.com\/es\/wp-json\/wp\/v2\/media?parent=1005876"}],"wp:term":[{"taxonomy":"category","embeddable":true,"href":"https:\/\/valedorosmaninho.com\/es\/wp-json\/wp\/v2\/categories?post=1005876"},{"taxonomy":"post_tag","embeddable":true,"href":"https:\/\/valedorosmaninho.com\/es\/wp-json\/wp\/v2\/tags?post=1005876"}],"curies":[{"name":"wp","href":"https:\/\/api.w.org\/{rel}","templated":true}]}}