{"id":1005877,"date":"2016-12-27T23:32:00","date_gmt":"2016-12-27T23:32:00","guid":{"rendered":""},"modified":"2021-05-19T10:50:39","modified_gmt":"2021-05-19T10:50:39","slug":"jornadas-apicolas-vr","status":"publish","type":"post","link":"https:\/\/valedorosmaninho.com\/es\/jornadas-apicolas-vr\/","title":{"rendered":"JORNADAS AP\u00cdCOLAS VR"},"content":{"rendered":"<div style=\"text-align: justify;\"><span style=\"font-size: 14.0pt; line-height: 115%;\">\u201c<b>Vale do Rosmaninho<\/b>\u201d, desde a sua primeira publica\u00e7\u00e3o no seu blog em <b>2009<\/b>, que tem mantido desde sempre os princ\u00edpios da partilha de informa\u00e7\u00e3o, atrav\u00e9s de diversas publica\u00e7\u00f5es sobre a sua experi\u00eancia de campo, bem como das suas experi\u00eancias internacionais. Al\u00e9m das publica\u00e7\u00f5es, seguiram-se as forma\u00e7\u00f5es, e agora em 2017, as suas primeiras Jornadas ap\u00edcolas.<o:p><\/o:p><\/span><\/div>\n<div style=\"text-align: justify;\"><span style=\"font-size: 14.0pt; line-height: 115%;\"><br \/><\/span><\/div>\n<div style=\"text-align: justify;\"><span style=\"font-size: 14.0pt; line-height: 115%;\">Dia <b>14 de Janeiro de 2017<\/b>, teremos as nossas primeiras \u201cJornadas ap\u00edcolas\u201d, que ir\u00e3o debater o tema da alimenta\u00e7\u00e3o e nutri\u00e7\u00e3o de abelhas, bem como alguns assuntos importantes sobre o maneio profissional de colmeias, tendo como base a recente viagem ao \u201cChile\u201d.<o:p><\/o:p><\/span><\/div>\n<div style=\"text-align: justify;\"><span style=\"font-size: 14.0pt; line-height: 115%;\"><br \/><\/span><\/div>\n<div style=\"clear: both; text-align: center;\"><a href=\"https:\/\/www.valedorosmaninho.com\/wp-content\/uploads\/2016\/12\/01.jpg\" style=\"margin-left: 1em; margin-right: 1em;\"><img loading=\"lazy\" decoding=\"async\" border=\"0\" height=\"400\" src=\"https:\/\/www.valedorosmaninho.com\/wp-content\/uploads\/2016\/12\/01-212x300.jpg\" width=\"282\" \/><\/a><\/div>\n<div style=\"text-align: justify;\"><span style=\"font-size: 14.0pt; line-height: 115%;\"><br \/><\/span><\/div>\n<div style=\"text-align: justify;\"><span style=\"font-size: 14.0pt; line-height: 115%;\">Portugal e Espanha atravessam neste momento a moda da alimenta\u00e7\u00e3o e nutri\u00e7\u00e3o de abelhas, \u201cmoda\u201d que j\u00e1 passou pela Am\u00e9rica do Norte e Am\u00e9rica do Sul, chegando agora \u00e0 Europa.<o:p><\/o:p><\/span><\/div>\n<div style=\"text-align: justify;\"><span style=\"font-size: 14.0pt; line-height: 115%;\"><br \/><\/span><\/div>\n<div style=\"text-align: justify;\"><span style=\"font-size: 14.0pt; line-height: 115%;\">Cada vez mais, surgem novas empresas com novos alimentos, sendo impressionante a pan\u00f3plia de alimentos que os apicultores possuem \u00e0 sua disposi\u00e7\u00e3o, criando confus\u00e3o e pior que tudo, a compra e administra\u00e7\u00e3o de alimentos de forma exagerada.<o:p><\/o:p><\/span><\/div>\n<div style=\"text-align: justify;\"><span style=\"font-size: 14.0pt; line-height: 115%;\"><br \/><\/span><\/div>\n<div style=\"text-align: justify;\"><span style=\"font-size: 14.0pt; line-height: 115%;\">Na apicultura profissional \u00e9 important\u00edssimo a optimiza\u00e7\u00e3o dos recursos, bem como a redu\u00e7\u00e3o dos custos, sendo important\u00edssimo saber quando, como, e com o que devemos alimentar as nossas abelhas. Al\u00e9m disso, \u00e9 tamb\u00e9m muito importante fazer um maneio adequado das colmeias, monitorizando as mesmas ao longo do ano, pois \u00e9 a \u00fanica forma de saber identificar os problemas que temos e se a alimenta\u00e7\u00e3o ser\u00e1 a melhor alternativa, pois por vezes existem problemas de varroa, que jamais ser\u00e3o solucionados com alimenta\u00e7\u00e3o.&nbsp;<\/span><\/div>\n<div style=\"text-align: justify;\"><span style=\"font-size: 14.0pt; line-height: 115%;\">&nbsp;&nbsp;<o:p><\/o:p><\/span><\/div>\n<div style=\"text-align: justify;\"><span style=\"font-size: 14.0pt; line-height: 115%;\">A alimenta\u00e7\u00e3o das abelhas deve ser vista como uma ferramenta, que deve ser usada apenas quando \u00e9 estritamente necess\u00e1rio.<o:p><\/o:p><\/span><\/div>\n<div style=\"text-align: justify;\"><span style=\"font-size: 14.0pt; line-height: 115%;\"><br \/><\/span><\/div>\n<div style=\"text-align: justify;\"><b><span style=\"font-size: 14.0pt; line-height: 115%;\">Quando alguns apicultores nem a pr\u00f3pria varroa sabem monitorizar, como poder\u00e3o saber se necessitam alimentar? <o:p><\/o:p><\/span><\/b><\/div>\n<div style=\"text-align: justify;\"><b><span style=\"font-size: 14.0pt; line-height: 115%;\"><br \/><\/span><\/b><\/div>\n<div style=\"text-align: justify;\"><span style=\"font-size: 14.0pt; line-height: 115%;\">Estas jornadas ap\u00edcolas, t\u00eam como objectivo dotar os apicultores de informa\u00e7\u00e3o v\u00e1lida e cred\u00edvel, para que possam saber monitorizar devidamente as suas colmeias, tanto ao n\u00edvel sanit\u00e1rio, como nutricional.<o:p><\/o:p><\/span><\/div>\n<div style=\"text-align: justify;\"><span style=\"font-size: 14.0pt; line-height: 115%;\"><br \/><\/span><\/div>\n<div style=\"clear: both; text-align: center;\"><a href=\"https:\/\/www.valedorosmaninho.com\/wp-content\/uploads\/2016\/12\/02.jpg\" style=\"margin-left: 1em; margin-right: 1em;\"><img loading=\"lazy\" decoding=\"async\" border=\"0\" height=\"400\" src=\"https:\/\/www.valedorosmaninho.com\/wp-content\/uploads\/2016\/12\/02-212x300.jpg\" width=\"282\" \/><\/a><\/div>\n<div style=\"text-align: justify;\"><\/div>\n<div style=\"text-align: justify;\"><span style=\"font-size: 14.0pt; line-height: 115%;\">Al\u00e9m disso, ser\u00e1 feita uma apresenta\u00e7\u00e3o sobre o maneio profissional de colmeias, tendo como base a recente experi\u00eancia internacional no Chile, onde ser\u00e3o abordados diversos temas, como por exemplo o novo tratamento biol\u00f3gico contra a varroa usado na Am\u00e9rica do Sul, feito atrav\u00e9s da mistura de \u201c\u00c1cido ox\u00e1lico com Glicerina em tiras de cart\u00e3o pedra\u201d, \u201cprepara\u00e7\u00e3o de colmeias em transum\u00e2ncia, com garantia de produ\u00e7\u00e3o\u201d, \u201cprepara\u00e7\u00e3o de colmeias para poliniza\u00e7\u00e3o de culturas agr\u00edcolas\u201d, \u201cmonitoriza\u00e7\u00e3o de varroa e nosema\u201d, \u201cuso da t\u00e9cnica do poncho\u201d, \u201cmanuten\u00e7\u00e3o da capacidade produtiva das colmeias\u201d, \u201cmaneio de enxames novos\u201d, etc, etc.<o:p><\/o:p><\/span><\/div>\n<div style=\"text-align: justify;\"><span style=\"font-size: 14.0pt; line-height: 115%;\"><br \/><\/span><\/div>\n<div style=\"text-align: justify;\"><span style=\"font-size: 14.0pt; line-height: 115%;\">Mais do que umas jornadas, ser\u00e1 um dia bem passado entre amigos e colegas!<o:p><\/o:p><\/span><\/div>\n<div style=\"text-align: justify;\"><span style=\"font-size: 14.0pt; line-height: 115%;\"><br \/><\/span><\/div>\n<div style=\"text-align: justify;\"><span style=\"font-size: 14.0pt; line-height: 115%;\">Fa\u00e7a a sua inscri\u00e7\u00e3o em <a href=\"http:\/\/www.valedorosmaninho.com\/jornadas\/\">www.valedorosmaninho.com\/jornadas\/<\/a><\/span><\/div>\n<div style=\"text-align: justify;\"><\/div>\n<div style=\"margin-bottom: .0001pt; margin-bottom: 0cm; text-align: justify;\"><span style=\"font-size: 14.0pt; line-height: 115%;\">Jo\u00e3o Tom\u00e9<o:p><\/o:p><\/span><\/div>\n<p><\/p>\n<div style=\"margin-bottom: .0001pt; margin-bottom: 0cm; text-align: justify;\"><b><i><span style=\"font-size: 14.0pt; line-height: 115%;\">\u2026um apicultor, pela apicultura\u2026<o:p><\/o:p><\/span><\/i><\/b><\/div>\n","protected":false},"excerpt":{"rendered":"<p>\u201cVale do Rosmaninho\u201d, desde a sua primeira publica\u00e7\u00e3o no seu blog em 2009, que tem mantido desde sempre os princ\u00edpios da partilha de informa\u00e7\u00e3o, atrav\u00e9s de diversas publica\u00e7\u00f5es sobre a sua experi\u00eancia de campo, bem como das suas experi\u00eancias internacionais. Al\u00e9m das publica\u00e7\u00f5es, seguiram-se as forma\u00e7\u00f5es, e agora em 2017, as suas primeiras Jornadas ap\u00edcolas. [&hellip;]<\/p>\n","protected":false},"author":1,"featured_media":1005720,"comment_status":"closed","ping_status":"closed","sticky":false,"template":"","format":"standard","meta":{"inline_featured_image":false,"_joinchat":[],"footnotes":""},"categories":[1],"tags":[],"class_list":["post-1005877","post","type-post","status-publish","format-standard","has-post-thumbnail","hentry","category-uncategorized"],"_links":{"self":[{"href":"https:\/\/valedorosmaninho.com\/es\/wp-json\/wp\/v2\/posts\/1005877","targetHints":{"allow":["GET"]}}],"collection":[{"href":"https:\/\/valedorosmaninho.com\/es\/wp-json\/wp\/v2\/posts"}],"about":[{"href":"https:\/\/valedorosmaninho.com\/es\/wp-json\/wp\/v2\/types\/post"}],"author":[{"embeddable":true,"href":"https:\/\/valedorosmaninho.com\/es\/wp-json\/wp\/v2\/users\/1"}],"replies":[{"embeddable":true,"href":"https:\/\/valedorosmaninho.com\/es\/wp-json\/wp\/v2\/comments?post=1005877"}],"version-history":[{"count":1,"href":"https:\/\/valedorosmaninho.com\/es\/wp-json\/wp\/v2\/posts\/1005877\/revisions"}],"predecessor-version":[{"id":1005964,"href":"https:\/\/valedorosmaninho.com\/es\/wp-json\/wp\/v2\/posts\/1005877\/revisions\/1005964"}],"wp:featuredmedia":[{"embeddable":true,"href":"https:\/\/valedorosmaninho.com\/es\/wp-json\/wp\/v2\/media\/1005720"}],"wp:attachment":[{"href":"https:\/\/valedorosmaninho.com\/es\/wp-json\/wp\/v2\/media?parent=1005877"}],"wp:term":[{"taxonomy":"category","embeddable":true,"href":"https:\/\/valedorosmaninho.com\/es\/wp-json\/wp\/v2\/categories?post=1005877"},{"taxonomy":"post_tag","embeddable":true,"href":"https:\/\/valedorosmaninho.com\/es\/wp-json\/wp\/v2\/tags?post=1005877"}],"curies":[{"name":"wp","href":"https:\/\/api.w.org\/{rel}","templated":true}]}}