{"id":1005881,"date":"2016-08-15T17:27:00","date_gmt":"2016-08-15T17:27:00","guid":{"rendered":"https:\/\/www.valedorosmaninho.com\/os-precos-das-abelhas-rainhas\/"},"modified":"2016-08-15T17:27:00","modified_gmt":"2016-08-15T17:27:00","slug":"os-precos-das-abelhas-rainhas","status":"publish","type":"post","link":"https:\/\/valedorosmaninho.com\/es\/os-precos-das-abelhas-rainhas\/","title":{"rendered":"OS PRE\u00c7OS DAS ABELHAS RAINHAS"},"content":{"rendered":"<div style=\"text-align: justify;\">Este \u00e9 um assunto de extrema import\u00e2ncia, no qual nos temos debru\u00e7ado diversas vezes, pois como a nossa explora\u00e7\u00e3o tem crescido de ano para ano, somos obrigados a fazer contas constantemente a fim de verificar os custos de produ\u00e7\u00e3o, bem como os pre\u00e7os m\u00ednimos que podemos praticar, a fim de estimular o crescimento do mercado, bem como, continuar a conquistar o mesmo.<o:p><\/o:p><\/p>\n<\/div>\n<div style=\"text-align: justify;\">Este ano, tomamos a decis\u00e3o de baixar os pre\u00e7os das rainhas virgens para 3,5 euros (valor que vamos manter em 2017), pois, como em todos os sectores, a lei da procura e oferta \u00e9 que manda, e naturalmente, se h\u00e1 uns anos a oferta de rainhas virgens era baixa, os pre\u00e7os das mesmas eram mais elevados.<o:p><\/o:p><\/p>\n<\/div>\n<div style=\"text-align: justify;\">Neste momento, come\u00e7a a haver uma grande oferta de rainhas virgens no mercado, e como seria de esperar, os pre\u00e7os teriam de baixar\u2026 ou seja, foi isso que aconteceu, pois \u00e9 prefer\u00edvel vender as rainhas virgens um pouco acima do pre\u00e7o de custo, do que ficar com as mesmas na incubadora.<o:p><\/o:p><\/div>\n<div style=\"text-align: justify;\"><\/div>\n<div style=\"text-align: justify;\">\n<div style=\"clear: both; text-align: center;\"><a href=\"https:\/\/4.bp.blogspot.com\/-XNw2bvexAOE\/V7H-GDXdhPI\/AAAAAAAACGQ\/gNXDpyjpjbw4eC6kFbKL6dV-bVTMuTWHwCLcB\/s1600\/Abelhas%2B002.jpg\" style=\"margin-left: 1em; margin-right: 1em;\" target=\"_blank\" rel=\"noopener\"><img loading=\"lazy\" decoding=\"async\" border=\"0\" height=\"206\" src=\"https:\/\/4.bp.blogspot.com\/-XNw2bvexAOE\/V7H-GDXdhPI\/AAAAAAAACGQ\/gNXDpyjpjbw4eC6kFbKL6dV-bVTMuTWHwCLcB\/s400\/Abelhas%2B002.jpg\" width=\"400\" \/><\/a><\/div>\n<p><\/div>\n<div style=\"text-align: justify;\">Curiosamente, esta baixa de pre\u00e7os, foi j\u00e1 catalogada por alguns colegas (criadores de rainhas), de \u201crainhas low cost\u201d, uma distin\u00e7\u00e3o que consideramos um elogio, pois \u00e9 sinal que atingimos a profissionaliza\u00e7\u00e3o e prestamos um melhor servi\u00e7o aos clientes.<o:p><\/o:p><\/div>\n<div style=\"text-align: justify;\"><\/div>\n<div style=\"text-align: justify;\">Quando produzimos 100kg de mel, \u00e9 natural que queremos que nos paguem o m\u00e1ximo poss\u00edvel por ele e at\u00e9 vendemos ao frasco\u2026 contudo, quando produzimos 10 toneladas, tudo muda, e os valores baixam. Este exemplo aplica-se tamb\u00e9m \u00e0 produ\u00e7\u00e3o de rainhas.<o:p><\/o:p><\/div>\n<div style=\"text-align: justify;\"><\/div>\n<div style=\"text-align: justify;\">Al\u00e9m disso, segundo as nossas contas dos custos de produ\u00e7\u00e3o entre rainhas virgens e fecundadas, as primeiras custam 4 vezes menos a produzir.<\/p>\n<\/div>\n<div style=\"text-align: justify;\">\n<div style=\"clear: both; text-align: center;\"><\/div>\n<div style=\"clear: both; text-align: center;\"><a href=\"https:\/\/3.bp.blogspot.com\/-5GB9SErEfsE\/V7IFISn3GlI\/AAAAAAAACGc\/iDdJrAWWUbgo4C2mjRzNdpTuygTsi7UTQCLcB\/s1600\/Imagem1.jpg\" style=\"margin-left: 1em; margin-right: 1em;\" target=\"_blank\" rel=\"noopener\"><img loading=\"lazy\" decoding=\"async\" border=\"0\" height=\"161\" src=\"https:\/\/3.bp.blogspot.com\/-5GB9SErEfsE\/V7IFISn3GlI\/AAAAAAAACGc\/iDdJrAWWUbgo4C2mjRzNdpTuygTsi7UTQCLcB\/s400\/Imagem1.jpg\" width=\"400\" \/><\/a><\/div>\n<p>E voltando ao exemplo do mel, n\u00e3o \u00e9 por produzirmos 10 toneladas que a qualidade diminui, pelo contr\u00e1rio, aumenta, pois quem as produz \u00e9 profissional e est\u00e1 dedicado a tempo inteiro, fazendo no caso das rainhas, toda a diferen\u00e7a, pois as nossas \u201ccriadeiras\u201d s\u00e3o alimentadas diariamente, tendo um acompanhamento permanente e profissional, o que n\u00e3o acontece com quem cria rainhas a tempo parcial. E se no caso do mel, para produzir mais, necessitamos de mais colmeias em produ\u00e7\u00e3o, no caso das rainhas, precisamos de mais \u201c<b>criadeiras<\/b>\u201d, \u201c<b>abelhas<\/b>\u201d, \u201c<b>colaboradores<\/b>\u201d e obviamente estar dedicados a tempo inteiro (sem folgas, sem feriados e trabalhando de Segunda a Domingo).<o:p><\/o:p><\/div>\n<div style=\"text-align: justify;\"><\/div>\n<div style=\"text-align: justify;\">\u00c9 isto que nos diferencia e que nos permite ter uma posi\u00e7\u00e3o distinta no mercado, posi\u00e7\u00e3o que certamente ser\u00e1 aceite por qualquer outro colega que tenha atingido ou esteja prestes a atingir a profissionaliza\u00e7\u00e3o na cria\u00e7\u00e3o de abelhas rainhas em Portugal.<o:p><\/o:p><\/div>\n<div style=\"text-align: justify;\"><\/div>\n<div style=\"text-align: justify;\">Aproveitamos tamb\u00e9m, para anunciar que iremos baixar em 2017 o pre\u00e7o das rainhas fecundadas, contudo as mesmas n\u00e3o ser\u00e3o pintadas com a cor oficial correspondente a esse ano, e caso o cliente o pretenda ir\u00e1 pagar mais por esse servi\u00e7o.<o:p><\/o:p><\/div>\n<div style=\"text-align: justify;\"><\/div>\n<div style=\"text-align: justify;\">Esta decis\u00e3o est\u00e1 assente na melhoria das condi\u00e7\u00f5es de organiza\u00e7\u00e3o da nossa explora\u00e7\u00e3o, pois apenas possu\u00edmos um dia por semana para proceder \u00e0 recolha de rainhas fecundadas, sendo esta opera\u00e7\u00e3o de \u201cpintar as rainhas\u201d morosa e implica hipotecar um colaborador o dia inteiro com esta \u00fanica fun\u00e7\u00e3o. As t\u00e9cnicas de recolha de rainhas que usamos quando n\u00e3o \u00e9 necess\u00e1rio pintar as mesmas, quase que duplicamos a quantidade de rainhas recolhidas por dia.<o:p><\/o:p><\/div>\n<div style=\"text-align: justify;\"><\/div>\n<div style=\"text-align: justify;\">\u00c9 por este motivo, que optamos em baixar os pre\u00e7os das rainhas fecundadas para os clientes que n\u00e3o seja importante a sua marca\u00e7\u00e3o.<o:p><\/o:p><\/div>\n<div style=\"text-align: justify;\"><\/div>\n<div style=\"text-align: justify;\">Achamos que justificamos desta forma, com a maior transpar\u00eancia e seriedade, os pre\u00e7os que praticamos e o caminho que continuamos a construir no sector da cria\u00e7\u00e3o de rainhas em Portugal.<o:p><\/o:p><\/div>\n<div style=\"text-align: justify;\"><\/div>\n<div style=\"text-align: justify;\">Sauda\u00e7\u00f5es ap\u00edcolas!<o:p><\/o:p><\/div>\n<div style=\"text-align: justify;\"><\/div>\n<div style=\"text-align: justify;\">Jo\u00e3o Tom\u00e9<o:p><\/o:p><\/div>\n<p><\/p>\n<div style=\"text-align: justify;\"><b><i>\u2026um apicultor, pela apicultura\u2026<o:p><\/o:p><\/i><\/b><\/div>\n","protected":false},"excerpt":{"rendered":"<p>Este \u00e9 um assunto de extrema import\u00e2ncia, no qual nos temos debru\u00e7ado diversas vezes, pois como a nossa explora\u00e7\u00e3o tem crescido de ano para ano, somos obrigados a fazer contas constantemente a fim de verificar os custos de produ\u00e7\u00e3o, bem como os pre\u00e7os m\u00ednimos que podemos praticar, a fim de estimular o crescimento do mercado, [&hellip;]<\/p>\n","protected":false},"author":1,"featured_media":0,"comment_status":"closed","ping_status":"closed","sticky":false,"template":"","format":"standard","meta":{"inline_featured_image":false,"_joinchat":[],"footnotes":""},"categories":[1],"tags":[],"class_list":["post-1005881","post","type-post","status-publish","format-standard","hentry","category-uncategorized"],"_links":{"self":[{"href":"https:\/\/valedorosmaninho.com\/es\/wp-json\/wp\/v2\/posts\/1005881","targetHints":{"allow":["GET"]}}],"collection":[{"href":"https:\/\/valedorosmaninho.com\/es\/wp-json\/wp\/v2\/posts"}],"about":[{"href":"https:\/\/valedorosmaninho.com\/es\/wp-json\/wp\/v2\/types\/post"}],"author":[{"embeddable":true,"href":"https:\/\/valedorosmaninho.com\/es\/wp-json\/wp\/v2\/users\/1"}],"replies":[{"embeddable":true,"href":"https:\/\/valedorosmaninho.com\/es\/wp-json\/wp\/v2\/comments?post=1005881"}],"version-history":[{"count":0,"href":"https:\/\/valedorosmaninho.com\/es\/wp-json\/wp\/v2\/posts\/1005881\/revisions"}],"wp:attachment":[{"href":"https:\/\/valedorosmaninho.com\/es\/wp-json\/wp\/v2\/media?parent=1005881"}],"wp:term":[{"taxonomy":"category","embeddable":true,"href":"https:\/\/valedorosmaninho.com\/es\/wp-json\/wp\/v2\/categories?post=1005881"},{"taxonomy":"post_tag","embeddable":true,"href":"https:\/\/valedorosmaninho.com\/es\/wp-json\/wp\/v2\/tags?post=1005881"}],"curies":[{"name":"wp","href":"https:\/\/api.w.org\/{rel}","templated":true}]}}