{"id":1005893,"date":"2014-08-15T11:13:00","date_gmt":"2014-08-15T11:13:00","guid":{"rendered":"https:\/\/www.valedorosmaninho.com\/venda-de-colmeias-e-nucleos\/"},"modified":"2014-08-15T11:13:00","modified_gmt":"2014-08-15T11:13:00","slug":"venda-de-colmeias-e-nucleos","status":"publish","type":"post","link":"https:\/\/valedorosmaninho.com\/es\/venda-de-colmeias-e-nucleos\/","title":{"rendered":"&#8220;VENDA DE COLMEIAS E N\u00daCLEOS&#8221;"},"content":{"rendered":"<p>Temos para venda 50 colmeias e 50 n\u00facleos revers\u00edvel, com certificado em Modo de Produ\u00e7\u00e3o Biol\u00f3gico. Todas as col\u00f3nias t\u00eam rainhas selecionadas de 2014.<\/p>\n<div style=\"clear: both; text-align: center;\"><a href=\"http:\/\/4.bp.blogspot.com\/-0-JRbP2_ZVU\/U-3qhkK7QwI\/AAAAAAAABeg\/WTR4FycerC0\/s1600\/1.JPG\" style=\"margin-left: 1em; margin-right: 1em;\" target=\"_blank\" rel=\"noopener\"><img loading=\"lazy\" decoding=\"async\" border=\"0\" src=\"http:\/\/4.bp.blogspot.com\/-0-JRbP2_ZVU\/U-3qhkK7QwI\/AAAAAAAABeg\/WTR4FycerC0\/s1600\/1.JPG\" height=\"298\" width=\"400\" \/><\/a><\/div>\n<p><\/p>\n<div style=\"clear: both; text-align: center;\"><a href=\"http:\/\/4.bp.blogspot.com\/-OHssy4-Gruk\/U-3qkpkuVsI\/AAAAAAAABeo\/heKqwqvldYc\/s1600\/2.JPG\" style=\"margin-left: 1em; margin-right: 1em;\" target=\"_blank\" rel=\"noopener\"><img loading=\"lazy\" decoding=\"async\" border=\"0\" src=\"http:\/\/4.bp.blogspot.com\/-OHssy4-Gruk\/U-3qkpkuVsI\/AAAAAAAABeo\/heKqwqvldYc\/s1600\/2.JPG\" height=\"298\" width=\"400\" \/><\/a><\/div>\n<p><\/p>\n<div style=\"clear: both; text-align: center;\"><a href=\"http:\/\/4.bp.blogspot.com\/-473diwGkkjQ\/U-3qqcNtBlI\/AAAAAAAABew\/Hj9bWW4QydQ\/s1600\/IMG_1910.JPG\" style=\"margin-left: 1em; margin-right: 1em;\" target=\"_blank\" rel=\"noopener\"><img loading=\"lazy\" decoding=\"async\" border=\"0\" src=\"http:\/\/4.bp.blogspot.com\/-473diwGkkjQ\/U-3qqcNtBlI\/AAAAAAAABew\/Hj9bWW4QydQ\/s1600\/IMG_1910.JPG\" height=\"298\" width=\"400\" \/><\/a><\/div>\n<p><\/p>\n<div style=\"clear: both; text-align: center;\"><a href=\"http:\/\/4.bp.blogspot.com\/-GkYYIS9p2Io\/U-3qveF6RGI\/AAAAAAAABe4\/iGzcpevN-W8\/s1600\/4.JPG\" style=\"margin-left: 1em; margin-right: 1em;\" target=\"_blank\" rel=\"noopener\"><img loading=\"lazy\" decoding=\"async\" border=\"0\" src=\"http:\/\/4.bp.blogspot.com\/-GkYYIS9p2Io\/U-3qveF6RGI\/AAAAAAAABe4\/iGzcpevN-W8\/s1600\/4.JPG\" height=\"400\" width=\"298\" \/><\/a><\/div>\n<div style=\"text-align: justify;\">&nbsp;<\/div>\n<div style=\"text-align: justify;\">&nbsp;<\/div>\n<div style=\"text-align: justify;\">&#8220;Sabemos que n\u00e3o \u00e9 a melhor altura para adquirir col\u00f3nias de abelhas, contudo, tamb\u00e9m sabemos que \u00e9 um erro tremendo nos dias de hoje esperar pela primavera para comprar, pois devido \u00e0 grande procura de abelhas que existe, a maioria das entregas \u00e9 feita j\u00e1 no final da \u00e9poca, perdendo-se um ano de produ\u00e7\u00e3o&#8230;. aumentando a probabilidade de incumprimento do plano empresarial, caso&nbsp;tenham projectos.<\/div>\n<p>PRE\u00c7O: Colmeias: 120 euros+IVA. N\u00facleos: 60 euros+IVA.<\/p>\n<p>Cumprimentos,<\/p>\n<p>Jo\u00e3o Tom\u00e9<br \/><strong><em>&#8230;um apicultor, pela apicultura&#8230;<\/em><\/strong><\/p>\n","protected":false},"excerpt":{"rendered":"<p>Temos para venda 50 colmeias e 50 n\u00facleos revers\u00edvel, com certificado em Modo de Produ\u00e7\u00e3o Biol\u00f3gico. Todas as col\u00f3nias t\u00eam rainhas selecionadas de 2014. &nbsp; &nbsp; &#8220;Sabemos que n\u00e3o \u00e9 a melhor altura para adquirir col\u00f3nias de abelhas, contudo, tamb\u00e9m sabemos que \u00e9 um erro tremendo nos dias de hoje esperar pela primavera para comprar, [&hellip;]<\/p>\n","protected":false},"author":1,"featured_media":0,"comment_status":"closed","ping_status":"closed","sticky":false,"template":"","format":"standard","meta":{"inline_featured_image":false,"_joinchat":[],"footnotes":""},"categories":[1],"tags":[],"class_list":["post-1005893","post","type-post","status-publish","format-standard","hentry","category-uncategorized"],"_links":{"self":[{"href":"https:\/\/valedorosmaninho.com\/es\/wp-json\/wp\/v2\/posts\/1005893","targetHints":{"allow":["GET"]}}],"collection":[{"href":"https:\/\/valedorosmaninho.com\/es\/wp-json\/wp\/v2\/posts"}],"about":[{"href":"https:\/\/valedorosmaninho.com\/es\/wp-json\/wp\/v2\/types\/post"}],"author":[{"embeddable":true,"href":"https:\/\/valedorosmaninho.com\/es\/wp-json\/wp\/v2\/users\/1"}],"replies":[{"embeddable":true,"href":"https:\/\/valedorosmaninho.com\/es\/wp-json\/wp\/v2\/comments?post=1005893"}],"version-history":[{"count":0,"href":"https:\/\/valedorosmaninho.com\/es\/wp-json\/wp\/v2\/posts\/1005893\/revisions"}],"wp:attachment":[{"href":"https:\/\/valedorosmaninho.com\/es\/wp-json\/wp\/v2\/media?parent=1005893"}],"wp:term":[{"taxonomy":"category","embeddable":true,"href":"https:\/\/valedorosmaninho.com\/es\/wp-json\/wp\/v2\/categories?post=1005893"},{"taxonomy":"post_tag","embeddable":true,"href":"https:\/\/valedorosmaninho.com\/es\/wp-json\/wp\/v2\/tags?post=1005893"}],"curies":[{"name":"wp","href":"https:\/\/api.w.org\/{rel}","templated":true}]}}