{"id":1005898,"date":"2014-04-23T21:55:00","date_gmt":"2014-04-23T21:55:00","guid":{"rendered":"https:\/\/www.valedorosmaninho.com\/criacao-de-rainhas-2014-continuacao\/"},"modified":"2014-04-23T21:55:00","modified_gmt":"2014-04-23T21:55:00","slug":"criacao-de-rainhas-2014-continuacao","status":"publish","type":"post","link":"https:\/\/valedorosmaninho.com\/es\/criacao-de-rainhas-2014-continuacao\/","title":{"rendered":"Cria\u00e7\u00e3o de Ra\u00ednhas 2014, continua\u00e7\u00e3o&#8230;"},"content":{"rendered":"<div style=\"text-align: justify;\">A \u00e9poca j\u00e1 vai a meio&#8230; tendo sido uma luta constante entre n\u00f3s e as abelhas, pois elas \u00e9 que mandam e n\u00f3s temos que nos ir adaptando e gerindo a explora\u00e7\u00e3o \u00e0 sua merc\u00ea.<\/div>\n<div style=\"text-align: justify;\">&nbsp;<\/div>\n<div style=\"text-align: justify;\"><a href=\"http:\/\/3.bp.blogspot.com\/-eRKFYwgmztQ\/U1gxr80LxMI\/AAAAAAAABLU\/--LjRxqZHjc\/s1600\/IMG_3464.JPG\" style=\"clear: right; float: right; margin-bottom: 1em; margin-left: 1em;\" target=\"_blank\" rel=\"noopener\"><img loading=\"lazy\" decoding=\"async\" border=\"0\" src=\"http:\/\/3.bp.blogspot.com\/-eRKFYwgmztQ\/U1gxr80LxMI\/AAAAAAAABLU\/--LjRxqZHjc\/s1600\/IMG_3464.JPG\" height=\"239\" width=\"320\" \/><\/a>Apesar das primeiras fecunda\u00e7\u00f5es n\u00e3o terem tido uma boa taxa de sucesso (59%), gra\u00e7as a duas semanas que houve com chuva e frio, \u00e9 sempre um prazer ter dias como o de hoje, onde mais uma vez &#8220;colhemos aquilo que temos vindo a plantar&#8221;. Foi dia de recolher rainhas fecundadas.<\/div>\n<div style=\"text-align: justify;\">&nbsp;<\/div>\n<div style=\"text-align: justify;\"><a href=\"http:\/\/2.bp.blogspot.com\/-z9QzWM5KLk8\/U1gxw2dGrMI\/AAAAAAAABLk\/z1bhBUKTWG0\/s1600\/IMG_3465.JPG\" style=\"clear: left; float: left; margin-bottom: 1em; margin-right: 1em;\" target=\"_blank\" rel=\"noopener\"><img loading=\"lazy\" decoding=\"async\" border=\"0\" src=\"http:\/\/2.bp.blogspot.com\/-z9QzWM5KLk8\/U1gxw2dGrMI\/AAAAAAAABLk\/z1bhBUKTWG0\/s1600\/IMG_3465.JPG\" height=\"239\" width=\"320\" \/><\/a>Esta altura \u00e9 sempre complicada, pois \u00e9 uma luta constante para que as criadeiras n\u00e3o enxameiem e mantenham a sua for\u00e7a em pleno. A nossa experi\u00eancia leva-nos a ter sempre col\u00f3nias selecionadas para poderem vir a ser &#8220;criadeiras de rainhas&#8221;, pois existe sempre alguma criadeira que nos passa a perna e&#8230; ou enxameia, ou matamos a ra\u00ednha por acidente, ou entretanto perde a for\u00e7a por algum motivo, etc, etc, havendo sempre col\u00f3nias de substitui\u00e7\u00e3o.<\/div>\n<div style=\"text-align: justify;\">&nbsp;<\/div>\n<div style=\"text-align: justify;\">&nbsp;<\/div>\n<div style=\"text-align: justify;\">Junta-se a isso a planifica\u00e7\u00e3o dos nascimentos, novos pickings, recolha de alv\u00e9olos reais, povoamentos de falhas, expedi\u00e7\u00e3o de rainhas virgens e fecundadas, desdobramentos, gest\u00e3o das colmeias de produ\u00e7\u00e3o&#8230; enfim, muito trabalho.<\/div>\n<div style=\"text-align: justify;\">&nbsp;<\/div>\n<div style=\"text-align: justify;\">Podemos dizer que o ano est\u00e1 a ser normal, pois os resultados apesar de nunca serem os esperados, estamos a atingir os objectivos e acima de tudo, a aprender e evoluir.<\/div>\n<div style=\"text-align: justify;\">&nbsp;<\/div>\n<div style=\"clear: both; text-align: center;\"><a href=\"http:\/\/1.bp.blogspot.com\/-1ffRBnfFzRs\/U1gyI8chmHI\/AAAAAAAABMI\/yXWvYGO6hZQ\/s1600\/IMG_3278.JPG\" style=\"margin-left: 1em; margin-right: 1em;\" target=\"_blank\" rel=\"noopener\"><img loading=\"lazy\" decoding=\"async\" border=\"0\" src=\"http:\/\/1.bp.blogspot.com\/-1ffRBnfFzRs\/U1gyI8chmHI\/AAAAAAAABMI\/yXWvYGO6hZQ\/s1600\/IMG_3278.JPG\" height=\"298\" width=\"400\" \/><\/a><\/div>\n<div style=\"text-align: justify;\">&nbsp;<\/div>\n<div style=\"text-align: justify;\">Este ano, mais do que nunca o consumo de abelhas ao kg tem sido impressionante, onde j\u00e1 consumimos&nbsp;mais de 100kg de abelhas, entre iniciadoras e povoamentos de n\u00facleos de fecunda\u00e7\u00e3o. Isto leva-nos a refletir sobre o futuro da apicultura portuguesa e a olhar para outros pa\u00edses tais como Austr\u00e1lia, USA e Canad\u00e1, que t\u00eam muita tradi\u00e7\u00e3o no uso de paquetes de abelhas.<\/div>\n<div style=\"text-align: justify;\">&nbsp;<\/div>\n<div style=\"clear: both; text-align: center;\"><a href=\"http:\/\/1.bp.blogspot.com\/-YGhQxk_LIH8\/U1gxfNWjSTI\/AAAAAAAABLE\/GQXqCQ6WHhA\/s1600\/IMG_3290.MOV\" style=\"margin-left: 1em; margin-right: 1em;\" target=\"_blank\" rel=\"noopener\"><img loading=\"lazy\" decoding=\"async\" border=\"0\" src=\"http:\/\/1.bp.blogspot.com\/-YGhQxk_LIH8\/U1gxfNWjSTI\/AAAAAAAABLE\/GQXqCQ6WHhA\/s1600\/IMG_3290.MOV\" height=\"240\" width=\"320\" \/><\/a><\/div>\n<div style=\"clear: both; text-align: center;\">&nbsp;<\/div>\n<div style=\"clear: both; text-align: center;\"><a href=\"http:\/\/4.bp.blogspot.com\/-td6PTn5cJu0\/U1gyBVe-T1I\/AAAAAAAABL8\/-_28IUgDCvc\/s1600\/IMG_3434.JPG\" style=\"clear: left; float: left; margin-bottom: 1em; margin-right: 1em;\" target=\"_blank\" rel=\"noopener\"><img loading=\"lazy\" decoding=\"async\" border=\"0\" src=\"http:\/\/4.bp.blogspot.com\/-td6PTn5cJu0\/U1gyBVe-T1I\/AAAAAAAABL8\/-_28IUgDCvc\/s1600\/IMG_3434.JPG\" height=\"238\" width=\"320\" \/><\/a><\/div>\n<div style=\"text-align: justify;\">Tem sido impressionante o poder de recupera\u00e7\u00e3o de algumas col\u00f3nias ap\u00f3s lhe retirarmos metade das suas abelhas&#8230; parecem aut\u00eanticas vacas leiteiras. N\u00e3o estaremos n\u00f3s a deitar dinheiro fora ao n\u00e3o aproveitarmos, aquilo que outros pa\u00edses mais evolu\u00eddos j\u00e1 fazem? Paquetes de abelhas!<\/div>\n<div style=\"text-align: justify;\">&nbsp;<\/div>\n<div style=\"text-align: justify;\"><a href=\"http:\/\/1.bp.blogspot.com\/--awrlbnbkvQ\/U1gyHBaG3YI\/AAAAAAAABMA\/29UwZb6pv6M\/s1600\/IMG_3281.JPG\" style=\"clear: right; float: right; margin-bottom: 1em; margin-left: 1em;\" target=\"_blank\" rel=\"noopener\"><img loading=\"lazy\" decoding=\"async\" border=\"0\" src=\"http:\/\/1.bp.blogspot.com\/--awrlbnbkvQ\/U1gyHBaG3YI\/AAAAAAAABMA\/29UwZb6pv6M\/s1600\/IMG_3281.JPG\" height=\"239\" width=\"320\" \/><\/a><\/div>\n<div style=\"text-align: justify;\">\u00c0&nbsp;tempos falava com um amigo dos USA que produz umas boas centenas de paquetes de abelhas que envia para a Calif\u00f3rnia e ele n\u00e3o sabia o que dizer quando lhe referi que quase 100% dos apicultores portugueses n\u00e3o faz paquetes de abelhas&#8230; apenas n\u00facleos de 5 quadros. Ficou escandalizado!<\/div>\n<div style=\"text-align: justify;\">&nbsp;<\/div>\n<div style=\"text-align: justify;\">Este ano aprendemos muito no que toca a este assunto, achando que nunca mais vamos conseguir deixar de fazer paquetes, tanto para a cria\u00e7\u00e3o de abelhas rainhas como tamb\u00e9m para forma\u00e7\u00e3o de novas col\u00f3nias.<\/div>\n<div style=\"text-align: justify;\">&nbsp;<\/div>\n<div style=\"text-align: justify;\">Com isto quero dizer que seria important\u00edssimo, que alguns colegas apicultores come\u00e7assem a pensar em se especializar na venda de pacotes de abelhas, com ou sem ra\u00ednha. Se houver seriedade e honestidade, certamente que nos ter\u00e1 como clientes.<\/div>\n<div style=\"text-align: justify;\">&nbsp;<\/div>\n<div style=\"text-align: justify;\">Entretanto, vamos continuar os nossos trabalhos, onde a prioridade \u00e9 aprender e evoluir mais e melhor, de forma a tornar a actividade ap\u00edcola o mais pr\u00e1tica e rent\u00e1vel poss\u00edvel.<\/div>\n<div style=\"text-align: justify;\">&nbsp;<\/div>\n<div style=\"text-align: justify;\">Algumas imagens de hoje, onde temos quase <strong>lota\u00e7\u00e3o esgotada<\/strong>:<\/div>\n<div style=\"clear: both; text-align: center;\">&nbsp;<\/div>\n<table align=\"center\" cellpadding=\"0\" cellspacing=\"0\" style=\"margin-left: auto; margin-right: auto; text-align: center;\">\n<tbody>\n<tr>\n<td style=\"text-align: center;\"><a href=\"http:\/\/4.bp.blogspot.com\/-iakLfOewa_Y\/U1gxvCHjGRI\/AAAAAAAABLc\/qrTziWpD5yg\/s1600\/IMG_3469.JPG\" style=\"margin-left: auto; margin-right: auto;\" target=\"_blank\" rel=\"noopener\"><img loading=\"lazy\" decoding=\"async\" border=\"0\" src=\"http:\/\/4.bp.blogspot.com\/-iakLfOewa_Y\/U1gxvCHjGRI\/AAAAAAAABLc\/qrTziWpD5yg\/s1600\/IMG_3469.JPG\" height=\"239\" width=\"320\" \/><\/a><\/td>\n<\/tr>\n<tr>\n<td style=\"text-align: center;\">&#8211; Ra\u00ednhas virgens \u00e0 esquerda, alv\u00e9olos reais \u00e0 direita e rainhas fecundadas ao centro &#8211;<\/td>\n<\/tr>\n<\/tbody>\n<\/table>\n<div style=\"clear: both; text-align: center;\">&nbsp;<\/div>\n<table align=\"center\" cellpadding=\"0\" cellspacing=\"0\" style=\"margin-left: auto; margin-right: auto; text-align: center;\">\n<tbody>\n<tr>\n<td style=\"text-align: center;\"><a href=\"http:\/\/4.bp.blogspot.com\/-S-Pat-YsPEs\/U1gxyW1PCVI\/AAAAAAAABLs\/BMBF3q3zECM\/s1600\/IMG_3471.JPG\" style=\"margin-left: auto; margin-right: auto;\" target=\"_blank\" rel=\"noopener\"><img loading=\"lazy\" decoding=\"async\" border=\"0\" src=\"http:\/\/4.bp.blogspot.com\/-S-Pat-YsPEs\/U1gxyW1PCVI\/AAAAAAAABLs\/BMBF3q3zECM\/s1600\/IMG_3471.JPG\" height=\"239\" width=\"320\" \/><\/a><\/td>\n<\/tr>\n<tr>\n<td style=\"text-align: center;\">&#8211; Ra\u00ednhas fecundadas prontas e ser&nbsp;enviadas &#8211;<\/td>\n<\/tr>\n<\/tbody>\n<\/table>\n<div style=\"clear: both; text-align: center;\">&nbsp;<\/div>\n<div style=\"clear: both; text-align: center;\"><a href=\"http:\/\/4.bp.blogspot.com\/-A6gVJrynwLs\/U1gx0T7kpRI\/AAAAAAAABL0\/FKtrHZ5L24I\/s1600\/IMG_3474.JPG\" style=\"margin-left: 1em; margin-right: 1em;\" target=\"_blank\" rel=\"noopener\"><img loading=\"lazy\" decoding=\"async\" border=\"0\" src=\"http:\/\/4.bp.blogspot.com\/-A6gVJrynwLs\/U1gx0T7kpRI\/AAAAAAAABL0\/FKtrHZ5L24I\/s1600\/IMG_3474.JPG\" height=\"239\" width=\"320\" \/><\/a><\/div>\n<div style=\"text-align: justify;\">&nbsp;<\/div>\n<div style=\"text-align: justify;\">Posso estar errado, contudo, penso que a nova &#8220;onda&#8221; de jovens apicultores&nbsp;em Portugal,&nbsp;muitos vir\u00e3o a ser &#8220;talvez&#8221; dos melhores apicultores que jamais Portugal teve, pois v\u00e3o ser eles a tra\u00e7ar o novo rumo da apicultura portuguesa, que n\u00e3o \u00e9 mais do que a pr\u00e1tica de uma apicultura verdadeiramente moderna e profissional.<\/div>\n<div style=\"text-align: justify;\">&nbsp;<\/div>\n<div style=\"text-align: justify;\">&#8220;A Apicultura Portuguesa est\u00e1 a mudar, n\u00f3s tamb\u00e9m! Junta-te \u00e0 mudan\u00e7a!&#8221; <\/div>\n<div style=\"text-align: justify;\">&nbsp;<\/div>\n<div style=\"text-align: justify;\">Jo\u00e3o Tom\u00e9<\/div>\n<div style=\"text-align: justify;\"><em><strong>&#8230;um apicultor, pela apicultura&#8230;<\/strong><\/em><\/div>\n<div style=\"text-align: justify;\">&nbsp;<\/div>\n","protected":false},"excerpt":{"rendered":"<p>A \u00e9poca j\u00e1 vai a meio&#8230; tendo sido uma luta constante entre n\u00f3s e as abelhas, pois elas \u00e9 que mandam e n\u00f3s temos que nos ir adaptando e gerindo a explora\u00e7\u00e3o \u00e0 sua merc\u00ea. &nbsp; Apesar das primeiras fecunda\u00e7\u00f5es n\u00e3o terem tido uma boa taxa de sucesso (59%), gra\u00e7as a duas semanas que houve [&hellip;]<\/p>\n","protected":false},"author":1,"featured_media":0,"comment_status":"closed","ping_status":"closed","sticky":false,"template":"","format":"standard","meta":{"inline_featured_image":false,"_joinchat":[],"footnotes":""},"categories":[1],"tags":[],"class_list":["post-1005898","post","type-post","status-publish","format-standard","hentry","category-uncategorized"],"_links":{"self":[{"href":"https:\/\/valedorosmaninho.com\/es\/wp-json\/wp\/v2\/posts\/1005898","targetHints":{"allow":["GET"]}}],"collection":[{"href":"https:\/\/valedorosmaninho.com\/es\/wp-json\/wp\/v2\/posts"}],"about":[{"href":"https:\/\/valedorosmaninho.com\/es\/wp-json\/wp\/v2\/types\/post"}],"author":[{"embeddable":true,"href":"https:\/\/valedorosmaninho.com\/es\/wp-json\/wp\/v2\/users\/1"}],"replies":[{"embeddable":true,"href":"https:\/\/valedorosmaninho.com\/es\/wp-json\/wp\/v2\/comments?post=1005898"}],"version-history":[{"count":0,"href":"https:\/\/valedorosmaninho.com\/es\/wp-json\/wp\/v2\/posts\/1005898\/revisions"}],"wp:attachment":[{"href":"https:\/\/valedorosmaninho.com\/es\/wp-json\/wp\/v2\/media?parent=1005898"}],"wp:term":[{"taxonomy":"category","embeddable":true,"href":"https:\/\/valedorosmaninho.com\/es\/wp-json\/wp\/v2\/categories?post=1005898"},{"taxonomy":"post_tag","embeddable":true,"href":"https:\/\/valedorosmaninho.com\/es\/wp-json\/wp\/v2\/tags?post=1005898"}],"curies":[{"name":"wp","href":"https:\/\/api.w.org\/{rel}","templated":true}]}}