{"id":1005899,"date":"2014-04-04T11:54:00","date_gmt":"2014-04-04T11:54:00","guid":{"rendered":"https:\/\/www.valedorosmaninho.com\/formacao-criacao-de-abelhas-rainhas-em-modo-profissional-vale-do-rosmaninho\/"},"modified":"2014-04-04T11:54:00","modified_gmt":"2014-04-04T11:54:00","slug":"formacao-criacao-de-abelhas-rainhas-em-modo-profissional-vale-do-rosmaninho","status":"publish","type":"post","link":"https:\/\/valedorosmaninho.com\/es\/formacao-criacao-de-abelhas-rainhas-em-modo-profissional-vale-do-rosmaninho\/","title":{"rendered":"FORMA\u00c7\u00c3O &#8220;CRIA\u00c7\u00c3O DE ABELHAS RA\u00cdNHAS EM MODO PROFISSIONAL&#8221; &#8211; VALE DO ROSMANINHO"},"content":{"rendered":"<div style=\"text-align: justify;\">Ap\u00f3s 6 anos de experi\u00eancia na cria\u00e7\u00e3o de abelhas ra\u00ednhas e algumas experi\u00eancias internacionais, achamos por bem que seria o momento de partilhar o conhecimento que temos vindo a consolidar ao longo destes anos.<\/div>\n<div style=\"text-align: justify;\"><\/div>\n<div style=\"text-align: justify;\">Esta forma\u00e7\u00e3o, uma vez que \u00e9 muito curta (apenas 2 dias), ser\u00e1 organizada de forma especial, sendo exclusivamente uma forma\u00e7\u00e3o pr\u00e1tica, onde os formandos poder\u00e3o ver &#8220;in loco&#8221; uma explora\u00e7\u00e3o profissional em pleno funcionamento, onde o lema ser\u00e1 <b>&#8220;Aprender Fazendo&#8221;<\/b>.<\/div>\n<p><u><b>Todos os formandos ir\u00e3o aprender a:&nbsp;<\/b><\/u><\/p>\n<p>&#8211; Fazer picking;<\/p>\n<div style=\"clear: both; text-align: left;\"><a href=\"http:\/\/1.bp.blogspot.com\/-GdYj63QBeT8\/Uz6OvAkeZGI\/AAAAAAAABIg\/M1SZlcykhh4\/s1600\/4.JPG\" style=\"margin-left: 1em; margin-right: 1em;\" target=\"_blank\" rel=\"noopener\"><img loading=\"lazy\" decoding=\"async\" border=\"0\" src=\"http:\/\/1.bp.blogspot.com\/-GdYj63QBeT8\/Uz6OvAkeZGI\/AAAAAAAABIg\/M1SZlcykhh4\/s1600\/4.JPG\" height=\"133\" width=\"200\" \/><\/a><\/div>\n<p>&#8211; Preparar e organizar Iniciadoras e criadeiras;<\/p>\n<div style=\"clear: both; text-align: left;\"><a href=\"http:\/\/2.bp.blogspot.com\/-WF1X0D--dxQ\/Uz6O0h9jvPI\/AAAAAAAABI8\/6FCbWfXY5hI\/s1600\/fotografia+%25281%2529.JPG\" style=\"margin-left: 1em; margin-right: 1em;\" target=\"_blank\" rel=\"noopener\"><img loading=\"lazy\" decoding=\"async\" border=\"0\" src=\"http:\/\/2.bp.blogspot.com\/-WF1X0D--dxQ\/Uz6O0h9jvPI\/AAAAAAAABI8\/6FCbWfXY5hI\/s1600\/fotografia+%25281%2529.JPG\" height=\"149\" width=\"200\" \/><\/a><\/div>\n<p>&#8211; Manusear alv\u00e9olos reais e ra\u00ednhas virgens;<\/p>\n<div style=\"clear: both; text-align: left;\"><a href=\"http:\/\/1.bp.blogspot.com\/-BzFPaZORQyg\/Uz6O3kBLq4I\/AAAAAAAABJU\/dtx_iDfe4BY\/s1600\/alveolos.jpg\" style=\"margin-left: 1em; margin-right: 1em;\" target=\"_blank\" rel=\"noopener\"><img loading=\"lazy\" decoding=\"async\" border=\"0\" src=\"http:\/\/1.bp.blogspot.com\/-BzFPaZORQyg\/Uz6O3kBLq4I\/AAAAAAAABJU\/dtx_iDfe4BY\/s1600\/alveolos.jpg\" height=\"200\" width=\"149\" \/><\/a><a href=\"http:\/\/4.bp.blogspot.com\/-vBrtjnNqlxY\/Uz6O2nDSC2I\/AAAAAAAABJM\/4_t6AvJTL7g\/s1600\/fotografia+%25283%2529.JPG\" style=\"margin-left: 1em; margin-right: 1em;\" target=\"_blank\" rel=\"noopener\"><img loading=\"lazy\" decoding=\"async\" border=\"0\" src=\"http:\/\/4.bp.blogspot.com\/-vBrtjnNqlxY\/Uz6O2nDSC2I\/AAAAAAAABJM\/4_t6AvJTL7g\/s1600\/fotografia+%25283%2529.JPG\" height=\"149\" width=\"200\" \/><\/a><\/div>\n<p>&#8211; Fazer paquetes de abelhas, para povoamento dos n\u00facleos de fecunda\u00e7\u00e3o;<\/p>\n<div style=\"clear: both; text-align: center;\"><a href=\"http:\/\/4.bp.blogspot.com\/-Tv3A-dAr3KY\/Uz6O6rfvXWI\/AAAAAAAABJs\/49-ResXaW-U\/s1600\/fotografia2.JPG\" style=\"clear: left; float: left; margin-bottom: 1em; margin-right: 1em;\" target=\"_blank\" rel=\"noopener\"><img loading=\"lazy\" decoding=\"async\" border=\"0\" src=\"http:\/\/4.bp.blogspot.com\/-Tv3A-dAr3KY\/Uz6O6rfvXWI\/AAAAAAAABJs\/49-ResXaW-U\/s1600\/fotografia2.JPG\" height=\"149\" width=\"200\" \/><\/a><a href=\"http:\/\/1.bp.blogspot.com\/-HM9wDkdO8yM\/Uz6O78orH2I\/AAAAAAAABJ0\/dBSq23PVVoc\/s1600\/fotografia3.JPG\" style=\"margin-left: 1em; margin-right: 1em;\" target=\"_blank\" rel=\"noopener\"><img loading=\"lazy\" decoding=\"async\" border=\"0\" src=\"http:\/\/1.bp.blogspot.com\/-HM9wDkdO8yM\/Uz6O78orH2I\/AAAAAAAABJ0\/dBSq23PVVoc\/s1600\/fotografia3.JPG\" height=\"149\" width=\"200\" \/><\/a><\/div>\n<p>&#8211; Povoar n\u00facleos de fecunda\u00e7\u00e3o;<\/p>\n<div style=\"clear: both; text-align: center;\"><a href=\"http:\/\/2.bp.blogspot.com\/-MzzmIpJDzRo\/Uz6Oy6I7rMI\/AAAAAAAABI0\/bbkyccHB-ZQ\/s1600\/7.JPG\" style=\"clear: left; float: left; margin-bottom: 1em; margin-right: 1em;\" target=\"_blank\" rel=\"noopener\"><img loading=\"lazy\" decoding=\"async\" border=\"0\" src=\"http:\/\/2.bp.blogspot.com\/-MzzmIpJDzRo\/Uz6Oy6I7rMI\/AAAAAAAABI0\/bbkyccHB-ZQ\/s1600\/7.JPG\" height=\"149\" width=\"200\" \/><\/a><a href=\"http:\/\/3.bp.blogspot.com\/-6i7lT9VWoVE\/Uz6O50SjAvI\/AAAAAAAABJg\/WstClpFFM0A\/s1600\/fotografia.JPG\" style=\"margin-left: 1em; margin-right: 1em;\" target=\"_blank\" rel=\"noopener\"><img loading=\"lazy\" decoding=\"async\" border=\"0\" src=\"http:\/\/3.bp.blogspot.com\/-6i7lT9VWoVE\/Uz6O50SjAvI\/AAAAAAAABJg\/WstClpFFM0A\/s1600\/fotografia.JPG\" height=\"149\" width=\"200\" \/><\/a><\/div>\n<p>&#8211; Marcar ra\u00ednhas fecundadas;<\/p>\n<div style=\"clear: both; text-align: center;\"><a href=\"http:\/\/3.bp.blogspot.com\/-7BV7JwIKnqw\/Uz6OxXC946I\/AAAAAAAABIs\/3QSJ7dvXKMQ\/s1600\/1.jpg\" style=\"clear: left; float: left; margin-bottom: 1em; margin-right: 1em;\" target=\"_blank\" rel=\"noopener\"><img loading=\"lazy\" decoding=\"async\" border=\"0\" src=\"http:\/\/3.bp.blogspot.com\/-7BV7JwIKnqw\/Uz6OxXC946I\/AAAAAAAABIs\/3QSJ7dvXKMQ\/s1600\/1.jpg\" height=\"103\" width=\"200\" \/><\/a><\/div>\n<p>&#8211; Preparar caixas para expedi\u00e7\u00e3o de ra\u00ednhas para venda ou introdu\u00e7\u00e3o;<\/p>\n<p><a href=\"http:\/\/2.bp.blogspot.com\/-r9TdbBNOdXc\/Uz6VKe75wXI\/AAAAAAAABKA\/ew_NZ177iWo\/s1600\/IMG_2314.JPG\" style=\"clear: left; float: left; margin-bottom: 1em; margin-right: 1em;\" target=\"_blank\" rel=\"noopener\"><img loading=\"lazy\" decoding=\"async\" border=\"0\" src=\"http:\/\/2.bp.blogspot.com\/-r9TdbBNOdXc\/Uz6VKe75wXI\/AAAAAAAABKA\/ew_NZ177iWo\/s1600\/IMG_2314.JPG\" height=\"149\" width=\"200\" \/><\/a><\/p>\n<p>EXTRA: Introdu\u00e7\u00e3o \u00e0 insemina\u00e7\u00e3o artificial de abelhas ra\u00ednhas (caso haja disponibilidade de tempo);<\/p>\n<p><\/p>\n<div style=\"clear: both; text-align: center;\"><a href=\"http:\/\/2.bp.blogspot.com\/-wb7DnS_ESwY\/Uz6VroQ7zCI\/AAAAAAAABKM\/RVafLY5gYRw\/s1600\/IMG_2370.JPG\" style=\"clear: left; float: left; margin-bottom: 1em; margin-right: 1em;\" target=\"_blank\" rel=\"noopener\"><img loading=\"lazy\" decoding=\"async\" border=\"0\" src=\"http:\/\/2.bp.blogspot.com\/-wb7DnS_ESwY\/Uz6VroQ7zCI\/AAAAAAAABKM\/RVafLY5gYRw\/s1600\/IMG_2370.JPG\" height=\"149\" width=\"200\" \/><\/a><a href=\"http:\/\/2.bp.blogspot.com\/-8bftb5MYXn4\/Uz6VszGVKqI\/AAAAAAAABKU\/u82ZZ3HHOsE\/s1600\/IMG_2371.JPG\" style=\"margin-left: 1em; margin-right: 1em;\" target=\"_blank\" rel=\"noopener\"><img loading=\"lazy\" decoding=\"async\" border=\"0\" src=\"http:\/\/2.bp.blogspot.com\/-8bftb5MYXn4\/Uz6VszGVKqI\/AAAAAAAABKU\/u82ZZ3HHOsE\/s1600\/IMG_2371.JPG\" height=\"149\" width=\"200\" \/><\/a><\/div>\n<p><b>(Todas as imagens&nbsp;publicadas&nbsp;s\u00e3o&nbsp;exclusivas&nbsp;da nossa explora\u00e7\u00e3o)<\/b><\/p>\n<div style=\"text-align: justify;\">Conforme j\u00e1 foi referido, ser\u00e1 uma forma\u00e7\u00e3o exclusivamente pr\u00e1tica.<\/div>\n<div style=\"text-align: justify;\"><\/div>\n<div style=\"text-align: justify;\">Todos os formandos ter\u00e3o direito a um kit de cria\u00e7\u00e3o de ra\u00ednhas, que lhes possibilitar\u00e1 inicar a cria\u00e7\u00e3o de ra\u00ednhas na sua explora\u00e7\u00e3o.<\/div>\n<div style=\"text-align: justify;\"><\/div>\n<div style=\"text-align: justify;\"><b>VALOR:<\/b> 150 euros<\/div>\n<div style=\"text-align: justify;\"><b>(C\/ direito a Kit de cria\u00e7\u00e3o de ra\u00ednhas e refei\u00e7\u00f5es de S\u00e1bado e Domingo)<\/b><br \/><b><br \/><\/b><b>LOCAL: <\/b>Castelo Branco<\/div>\n<div style=\"text-align: justify;\"><\/div>\n<div style=\"text-align: justify;\"><b>DATAS:&nbsp;<\/b>1\u00aa Forma\u00e7\u00e3o: Dia 3 e 4 de Maio<\/div>\n<div style=\"text-align: justify;\">&nbsp; &nbsp; &nbsp; &nbsp; &nbsp; &nbsp; 2\u00aa Forma\u00e7\u00e3o: Dia 10 e 11 de Maio<\/div>\n<div style=\"text-align: justify;\"><b>(Inscri\u00e7\u00f5es limitadas a 10 formandos\/forma\u00e7\u00e3o)<\/b><br \/><b><br \/><\/b>Todos os participantes poder\u00e3o dormir num local espl\u00eandido, a Fonte Santa de S. Lu\u00eds (<a href=\"http:\/\/www.fontesantasluis.com\/\" target=\"_blank\" rel=\"noopener\">www.fontesantasluis.com<\/a>), um turismo rural que est\u00e1 localizado no mesmo monte onde ser\u00e1 ministrada a forma\u00e7\u00e3o e onde se localiza o centro de cria\u00e7\u00e3o de ra\u00ednhas. No S\u00e1bado ao final do dia faremos um churrasco convivio seguido de tert\u00falia&#8230; pois o monte estar\u00e1 por nossa conta!<\/div>\n<div style=\"text-align: justify;\"><span data-react style=\"background-color: #f6f7f8; color: #141823; font-family: Helvetica, Arial, 'lucida grande', tahoma, verdana, arial, sans-serif; font-size: 12px; line-height: 15.359999656677246px; text-align: left;\"><br \/><\/span><\/div>\n<div style=\"text-align: justify;\"><b>INSCRI\u00c7\u00d5ES:<\/b>&nbsp;<span style=\"color: #b45f06;\">joaomntome@gmail.com<\/span><\/div>\n<div style=\"text-align: justify;\">Enviar dados pessoais (nome, morada e contacto), n\u00ba de colmeias que possui e breve descri\u00e7\u00e3o da sua experi\u00eancia na \u00e1rea da apicultura e cria\u00e7\u00e3o de ra\u00ednhas. (Esta informa\u00e7\u00e3o ser\u00e1 usada para conhecermos o perfil de cada formando e ajustarmos a forma\u00e7\u00e3o ao n\u00edvel de conhecimento de cada um).<\/div>\n<div style=\"text-align: justify;\"><\/div>\n<div style=\"text-align: justify;\">At\u00e9 breve!<\/div>\n<div style=\"text-align: justify;\"><\/div>\n<div style=\"text-align: justify;\">Jo\u00e3o Tom\u00e9<\/div>\n<div style=\"text-align: justify;\"><b><i>&#8230;um apicultor, pela apicultura&#8230;<\/i><\/b><\/div>\n<p><\/p>\n","protected":false},"excerpt":{"rendered":"<p>Ap\u00f3s 6 anos de experi\u00eancia na cria\u00e7\u00e3o de abelhas ra\u00ednhas e algumas experi\u00eancias internacionais, achamos por bem que seria o momento de partilhar o conhecimento que temos vindo a consolidar ao longo destes anos. Esta forma\u00e7\u00e3o, uma vez que \u00e9 muito curta (apenas 2 dias), ser\u00e1 organizada de forma especial, sendo exclusivamente uma forma\u00e7\u00e3o pr\u00e1tica, [&hellip;]<\/p>\n","protected":false},"author":1,"featured_media":0,"comment_status":"closed","ping_status":"closed","sticky":false,"template":"","format":"standard","meta":{"inline_featured_image":false,"_joinchat":[],"footnotes":""},"categories":[1],"tags":[],"class_list":["post-1005899","post","type-post","status-publish","format-standard","hentry","category-uncategorized"],"_links":{"self":[{"href":"https:\/\/valedorosmaninho.com\/es\/wp-json\/wp\/v2\/posts\/1005899","targetHints":{"allow":["GET"]}}],"collection":[{"href":"https:\/\/valedorosmaninho.com\/es\/wp-json\/wp\/v2\/posts"}],"about":[{"href":"https:\/\/valedorosmaninho.com\/es\/wp-json\/wp\/v2\/types\/post"}],"author":[{"embeddable":true,"href":"https:\/\/valedorosmaninho.com\/es\/wp-json\/wp\/v2\/users\/1"}],"replies":[{"embeddable":true,"href":"https:\/\/valedorosmaninho.com\/es\/wp-json\/wp\/v2\/comments?post=1005899"}],"version-history":[{"count":0,"href":"https:\/\/valedorosmaninho.com\/es\/wp-json\/wp\/v2\/posts\/1005899\/revisions"}],"wp:attachment":[{"href":"https:\/\/valedorosmaninho.com\/es\/wp-json\/wp\/v2\/media?parent=1005899"}],"wp:term":[{"taxonomy":"category","embeddable":true,"href":"https:\/\/valedorosmaninho.com\/es\/wp-json\/wp\/v2\/categories?post=1005899"},{"taxonomy":"post_tag","embeddable":true,"href":"https:\/\/valedorosmaninho.com\/es\/wp-json\/wp\/v2\/tags?post=1005899"}],"curies":[{"name":"wp","href":"https:\/\/api.w.org\/{rel}","templated":true}]}}