{"id":1005901,"date":"2013-12-27T22:58:00","date_gmt":"2013-12-27T22:58:00","guid":{"rendered":"https:\/\/www.valedorosmaninho.com\/criacao-de-rainhas-2014\/"},"modified":"2013-12-27T22:58:00","modified_gmt":"2013-12-27T22:58:00","slug":"criacao-de-rainhas-2014","status":"publish","type":"post","link":"https:\/\/valedorosmaninho.com\/es\/criacao-de-rainhas-2014\/","title":{"rendered":"Cria\u00e7\u00e3o de ra\u00ednhas &#8211; 2014"},"content":{"rendered":"<div style=\"text-align: justify;\"><a href=\"http:\/\/3.bp.blogspot.com\/-s-JqECi0wig\/Ur4A9MluNZI\/AAAAAAAABCw\/CPjTfVsBnP8\/s1600\/1.jpg\" style=\"clear: right; float: right; margin-bottom: 1em; margin-left: 1em;\" target=\"_blank\" rel=\"noopener\"><img loading=\"lazy\" decoding=\"async\" border=\"0\" height=\"206\" src=\"http:\/\/3.bp.blogspot.com\/-s-JqECi0wig\/Ur4A9MluNZI\/AAAAAAAABCw\/CPjTfVsBnP8\/s400\/1.jpg\" width=\"400\" \/><\/a>\u00c9&nbsp;com algum entusiasmo que iniciamos sempre um novo ano. Faltam poucos dias para o inicio de 2014 e de momento j\u00e1 andamos a &#8220;mil&#8221; na prepara\u00e7\u00e3o da nova \u00e9poca que se avizinha.<\/div>\n<div style=\"text-align: justify;\">&nbsp;<\/div>\n<div style=\"text-align: justify;\">Todos os anos&nbsp;os mesmos&nbsp;principios repetem-se, &#8220;aprender com os erros da \u00e9poca anterior e melhorar aquilo&nbsp;em que tivemos&nbsp;sucesso&#8221;.<\/div>\n<div style=\"text-align: justify;\">&nbsp;<\/div>\n<div style=\"text-align: justify;\">Este ano n\u00e3o \u00e9 excep\u00e7\u00e3o, muito pelo contr\u00e1rio, pois estamos a atingir um patamar novo, a profissionaliza\u00e7\u00e3o da apicultura na nossa explora\u00e7\u00e3o, principalmente no que toca \u00e0 cria\u00e7\u00e3o de abelhas rainhas, onde nos pretendemos especializar e ser uma refer\u00eancia.<\/div>\n<div style=\"text-align: justify;\">&nbsp;<\/div>\n<p><a href=\"http:\/\/4.bp.blogspot.com\/-S8-ZL_zxrHw\/Ur4BEqpZXaI\/AAAAAAAABDM\/y2XnCY4gF3k\/s1600\/4.JPG\" style=\"clear: left; float: left; margin-bottom: 1em; margin-right: 1em;\" target=\"_blank\" rel=\"noopener\"><img loading=\"lazy\" decoding=\"async\" border=\"0\" height=\"263\" src=\"http:\/\/4.bp.blogspot.com\/-S8-ZL_zxrHw\/Ur4BEqpZXaI\/AAAAAAAABDM\/y2XnCY4gF3k\/s400\/4.JPG\" width=\"400\" \/><\/a>Muito temos para aprender e desenvolver nesta \u00e1rea, pois como costumamos dizer, criar abelhas rainhas n\u00e3o tem muito que saber, mas criar abelhas rainhas com qualidade&#8230; a\u00ed sim existem pormenores e saberes que fazem a diferen\u00e7a.<\/p>\n<div style=\"text-align: justify;\">&nbsp;<\/div>\n<div style=\"clear: both; text-align: justify;\">A \u00e9poca passada, apostamos com bastante sucesso nos alv\u00e9olos reais, onde as rainhas fecundadas foram uma minoria, contudo este ano al\u00e9m dos alv\u00e9olos reais iremos apostar fortemente nas rainhas fecundadas.&nbsp;<\/div>\n<div style=\"text-align: justify;\">&nbsp;<\/div>\n<div style=\"text-align: justify;\">Temos de momento 370 mini n\u00facleos de fecunda\u00e7\u00e3o preparados para povoar em in\u00edcios de Mar\u00e7o, esperando come\u00e7ar a entregar as primeiras ra\u00ednhas no inicio de Abril. Infelizmente nem tudo corre como prevemos, esperando que a meteorologia ajude, pois temos como exemplo a \u00e9poca passada que atrasou tudo gra\u00e7as ao tempo frio e chuvoso.<\/div>\n<div style=\"text-align: justify;\">&nbsp;<\/div>\n<div style=\"text-align: justify;\">\n<table align=\"center\" cellpadding=\"0\" cellspacing=\"0\" style=\"margin-left: auto; margin-right: auto; text-align: center;\">\n<tbody>\n<tr>\n<td style=\"text-align: center;\"><a href=\"http:\/\/2.bp.blogspot.com\/-n6RhGjtcQ8Y\/Ur4A_Cbz07I\/AAAAAAAABC4\/zOAWVK1j4EA\/s1600\/1a.JPG\" style=\"margin-left: auto; margin-right: auto;\" target=\"_blank\" rel=\"noopener\"><img loading=\"lazy\" decoding=\"async\" border=\"0\" height=\"297\" src=\"http:\/\/2.bp.blogspot.com\/-n6RhGjtcQ8Y\/Ur4A_Cbz07I\/AAAAAAAABC4\/zOAWVK1j4EA\/s400\/1a.JPG\" width=\"400\" \/><\/a><\/td>\n<\/tr>\n<tr>\n<td style=\"text-align: center;\">&#8211; Novo modelo de mini n\u00facleo de fecunda\u00e7\u00e3o &#8211;<\/td>\n<\/tr>\n<\/tbody>\n<\/table>\n<p>&nbsp;Apesar dos objectivos que nos propusemos alcan\u00e7ar serem bastante ambiciosos (3000 mil ra\u00ednhas das quais 1200 fecundadas), sabemos que n\u00e3o ir\u00e1 ser f\u00e1cil, pois na apicultura 2+2 nunca s\u00e3o 4, mas uma coisa \u00e9 certa, com humildade,&nbsp;iremos aprender e evoluir um pouco mais.<\/p><\/div>\n<div style=\"text-align: justify;\">&nbsp;<\/div>\n<div style=\"clear: both; text-align: center;\"><a href=\"http:\/\/3.bp.blogspot.com\/-x49yLA1h_XM\/Ur4BJvaH9zI\/AAAAAAAABDo\/7DhIMqi5nBU\/s1600\/5.JPG\" style=\"margin-left: 1em; margin-right: 1em;\" target=\"_blank\" rel=\"noopener\"><img loading=\"lazy\" decoding=\"async\" border=\"0\" height=\"266\" src=\"http:\/\/3.bp.blogspot.com\/-x49yLA1h_XM\/Ur4BJvaH9zI\/AAAAAAAABDo\/7DhIMqi5nBU\/s400\/5.JPG\" width=\"400\" \/><\/a><\/div>\n<div style=\"clear: both; text-align: center;\">&nbsp;<\/div>\n<div style=\"clear: both; text-align: center;\"><a href=\"http:\/\/4.bp.blogspot.com\/-z0RLm1V676w\/Ur4BHiBcPaI\/AAAAAAAABDc\/Cew_BKsjCkY\/s1600\/6.JPG\" style=\"margin-left: 1em; margin-right: 1em;\" target=\"_blank\" rel=\"noopener\"><img loading=\"lazy\" decoding=\"async\" border=\"0\" height=\"298\" src=\"http:\/\/4.bp.blogspot.com\/-z0RLm1V676w\/Ur4BHiBcPaI\/AAAAAAAABDc\/Cew_BKsjCkY\/s400\/6.JPG\" width=\"400\" \/><\/a><\/div>\n<div style=\"text-align: justify;\">&nbsp;<\/div>\n<div style=\"text-align: justify;\">Este ano al\u00e9m de ligeiras altera\u00e7\u00f5es ao nosso modelo de mini n\u00facleo de fecunda\u00e7\u00e3o, as criadeiras iniciadoras orfanizadas&nbsp;ir\u00e3o ter um papel fundamental no inicio e final de \u00e9poca, aumentando bastante a aceita\u00e7\u00e3o das c\u00fapulas nas&nbsp;alturas mais dif\u00edceis.<\/div>\n<div style=\"text-align: justify;\">&nbsp;<\/div>\n<div style=\"clear: both; text-align: center;\"><a href=\"http:\/\/4.bp.blogspot.com\/-9HrjNvKYOSA\/Ur4BIA51DpI\/AAAAAAAABDg\/e6TkiRzmMxA\/s1600\/7.JPG\" style=\"margin-left: 1em; margin-right: 1em;\" target=\"_blank\" rel=\"noopener\"><img loading=\"lazy\" decoding=\"async\" border=\"0\" height=\"298\" src=\"http:\/\/4.bp.blogspot.com\/-9HrjNvKYOSA\/Ur4BIA51DpI\/AAAAAAAABDg\/e6TkiRzmMxA\/s400\/7.JPG\" width=\"400\" \/><\/a><\/div>\n<div style=\"clear: both; text-align: center;\">&nbsp;<\/div>\n<div style=\"text-align: justify;\">A insemina\u00e7\u00e3o artificial, que nos tem permitido cruzar as nossas melhores col\u00f3nias umas com as outras, tamb\u00e9m ter\u00e1 um papel fundamental na ajuda da sele\u00e7\u00e3o e melhoria gen\u00e9tica do nosso material vivo, tendo sido um dos maiores desafios que temos tido pela frente&#8230; <strong>Melhorar a nossa abelha ib\u00e9rica!<\/strong><\/div>\n<div style=\"text-align: justify;\">&nbsp;<\/div>\n<div style=\"clear: both; text-align: center;\"><a href=\"http:\/\/2.bp.blogspot.com\/-uFIlkwkBgUE\/Ur4BBinwMCI\/AAAAAAAABDA\/43ekX442cN0\/s1600\/2.JPG\" style=\"margin-left: 1em; margin-right: 1em;\" target=\"_blank\" rel=\"noopener\"><img loading=\"lazy\" decoding=\"async\" border=\"0\" height=\"265\" src=\"http:\/\/2.bp.blogspot.com\/-uFIlkwkBgUE\/Ur4BBinwMCI\/AAAAAAAABDA\/43ekX442cN0\/s400\/2.JPG\" width=\"400\" \/><\/a><\/div>\n<div style=\"clear: both; text-align: center;\">&nbsp;<\/div>\n<div style=\"text-align: justify;\">Esperamos desta maneira que a pr\u00f3xima \u00e9poca seja de sucesso para todos os colegas apicultores, esperando tamb\u00e9m que continue a haver partilha de conhecimento nesta \u00e1rea entre todos, pois s\u00f3 assim podemos evoluir e aprender mais depressa.<\/div>\n<div style=\"text-align: justify;\">&nbsp;<\/div>\n<div style=\"text-align: justify;\">Jo\u00e3o Tom\u00e9<\/div>\n<div style=\"text-align: justify;\"><strong><em>&#8230;um apicultor, pela apicultura&#8230;<\/em><\/strong><\/div>\n","protected":false},"excerpt":{"rendered":"<p>\u00c9&nbsp;com algum entusiasmo que iniciamos sempre um novo ano. Faltam poucos dias para o inicio de 2014 e de momento j\u00e1 andamos a &#8220;mil&#8221; na prepara\u00e7\u00e3o da nova \u00e9poca que se avizinha. &nbsp; Todos os anos&nbsp;os mesmos&nbsp;principios repetem-se, &#8220;aprender com os erros da \u00e9poca anterior e melhorar aquilo&nbsp;em que tivemos&nbsp;sucesso&#8221;. &nbsp; Este ano n\u00e3o \u00e9 [&hellip;]<\/p>\n","protected":false},"author":1,"featured_media":0,"comment_status":"closed","ping_status":"closed","sticky":false,"template":"","format":"standard","meta":{"inline_featured_image":false,"_joinchat":[],"footnotes":""},"categories":[1],"tags":[],"class_list":["post-1005901","post","type-post","status-publish","format-standard","hentry","category-uncategorized"],"_links":{"self":[{"href":"https:\/\/valedorosmaninho.com\/es\/wp-json\/wp\/v2\/posts\/1005901","targetHints":{"allow":["GET"]}}],"collection":[{"href":"https:\/\/valedorosmaninho.com\/es\/wp-json\/wp\/v2\/posts"}],"about":[{"href":"https:\/\/valedorosmaninho.com\/es\/wp-json\/wp\/v2\/types\/post"}],"author":[{"embeddable":true,"href":"https:\/\/valedorosmaninho.com\/es\/wp-json\/wp\/v2\/users\/1"}],"replies":[{"embeddable":true,"href":"https:\/\/valedorosmaninho.com\/es\/wp-json\/wp\/v2\/comments?post=1005901"}],"version-history":[{"count":0,"href":"https:\/\/valedorosmaninho.com\/es\/wp-json\/wp\/v2\/posts\/1005901\/revisions"}],"wp:attachment":[{"href":"https:\/\/valedorosmaninho.com\/es\/wp-json\/wp\/v2\/media?parent=1005901"}],"wp:term":[{"taxonomy":"category","embeddable":true,"href":"https:\/\/valedorosmaninho.com\/es\/wp-json\/wp\/v2\/categories?post=1005901"},{"taxonomy":"post_tag","embeddable":true,"href":"https:\/\/valedorosmaninho.com\/es\/wp-json\/wp\/v2\/tags?post=1005901"}],"curies":[{"name":"wp","href":"https:\/\/api.w.org\/{rel}","templated":true}]}}