{"id":1005905,"date":"2013-05-30T15:17:00","date_gmt":"2013-05-30T15:17:00","guid":{"rendered":"https:\/\/www.valedorosmaninho.com\/vale-do-rosmaninho-na-rtp\/"},"modified":"2013-05-30T15:17:00","modified_gmt":"2013-05-30T15:17:00","slug":"vale-do-rosmaninho-na-rtp","status":"publish","type":"post","link":"https:\/\/valedorosmaninho.com\/es\/vale-do-rosmaninho-na-rtp\/","title":{"rendered":"&#8211; VALE DO ROSMANINHO NA RTP &#8211;"},"content":{"rendered":"<div style=\"clear: both; text-align: justify;\">\ufeffNeste m\u00eas de Maio, foi com alguma surpresa que recebemos o contacto da RTP, para fazer uma reportagem sobre o nosso trabalho.<\/div>\n<div style=\"clear: both; text-align: justify;\">Apesar de ter sido de um dia para o outro, l\u00e1 conseguimos arranjar um tempinho para receb\u00ea-los!<\/div>\n<div style=\"clear: both; text-align: center;\">&nbsp;<\/div>\n<div style=\"clear: both; text-align: center;\"><object contentid=\"d59feb85ceb07a7e\" height=\"266\" width=\"320\"><\/object><\/div>\n<p>Jo\u00e3o Tom\u00e9<br \/><strong><em>&#8230;um apicultor, pela apicultura&#8230;<\/em><\/strong><\/p>\n","protected":false},"excerpt":{"rendered":"<p>\ufeffNeste m\u00eas de Maio, foi com alguma surpresa que recebemos o contacto da RTP, para fazer uma reportagem sobre o nosso trabalho. Apesar de ter sido de um dia para o outro, l\u00e1 conseguimos arranjar um tempinho para receb\u00ea-los! &nbsp; Jo\u00e3o Tom\u00e9&#8230;um apicultor, pela apicultura&#8230;<\/p>\n","protected":false},"author":1,"featured_media":0,"comment_status":"closed","ping_status":"closed","sticky":false,"template":"","format":"standard","meta":{"inline_featured_image":false,"_joinchat":[],"footnotes":""},"categories":[1],"tags":[],"class_list":["post-1005905","post","type-post","status-publish","format-standard","hentry","category-uncategorized"],"_links":{"self":[{"href":"https:\/\/valedorosmaninho.com\/es\/wp-json\/wp\/v2\/posts\/1005905","targetHints":{"allow":["GET"]}}],"collection":[{"href":"https:\/\/valedorosmaninho.com\/es\/wp-json\/wp\/v2\/posts"}],"about":[{"href":"https:\/\/valedorosmaninho.com\/es\/wp-json\/wp\/v2\/types\/post"}],"author":[{"embeddable":true,"href":"https:\/\/valedorosmaninho.com\/es\/wp-json\/wp\/v2\/users\/1"}],"replies":[{"embeddable":true,"href":"https:\/\/valedorosmaninho.com\/es\/wp-json\/wp\/v2\/comments?post=1005905"}],"version-history":[{"count":0,"href":"https:\/\/valedorosmaninho.com\/es\/wp-json\/wp\/v2\/posts\/1005905\/revisions"}],"wp:attachment":[{"href":"https:\/\/valedorosmaninho.com\/es\/wp-json\/wp\/v2\/media?parent=1005905"}],"wp:term":[{"taxonomy":"category","embeddable":true,"href":"https:\/\/valedorosmaninho.com\/es\/wp-json\/wp\/v2\/categories?post=1005905"},{"taxonomy":"post_tag","embeddable":true,"href":"https:\/\/valedorosmaninho.com\/es\/wp-json\/wp\/v2\/tags?post=1005905"}],"curies":[{"name":"wp","href":"https:\/\/api.w.org\/{rel}","templated":true}]}}