{"id":1005916,"date":"2012-09-13T11:22:00","date_gmt":"2012-09-13T11:22:00","guid":{"rendered":"https:\/\/www.valedorosmaninho.com\/monitorizacao-das-colmeias-com-o-beetracker\/"},"modified":"2012-09-13T11:22:00","modified_gmt":"2012-09-13T11:22:00","slug":"monitorizacao-das-colmeias-com-o-beetracker","status":"publish","type":"post","link":"https:\/\/valedorosmaninho.com\/es\/monitorizacao-das-colmeias-com-o-beetracker\/","title":{"rendered":"Monitoriza\u00e7\u00e3o das colmeias com o &#8220;Beetracker&#8221;"},"content":{"rendered":"<div style=\"clear: both; text-align: justify;\">\ufeff<\/div>\n<div style=\"clear: both; text-align: justify;\">J\u00e1 iniciamos a monitoriza\u00e7\u00e3o de algumas colmeias e n\u00facleos com os quadros beetracker. Para j\u00e1 est\u00e1 a ser bastante interessante acompanhar a temperatura e humidade relativa no seu interior e comparar entre n\u00facleos e&nbsp;colmeias com e sem al\u00e7a.\ufeff<\/div>\n<div style=\"clear: both; text-align: center;\">&nbsp;<\/div>\n<div style=\"clear: both; text-align: center;\"><a href=\"http:\/\/2.bp.blogspot.com\/-_LruSHZeBHg\/UFG_P2gXxWI\/AAAAAAAAAo4\/ass8NzZ0_7Q\/s1600\/Imagem3.jpg\" style=\"margin-left: 1em; margin-right: 1em;\" target=\"_blank\" rel=\"noopener\"><img loading=\"lazy\" decoding=\"async\" border=\"0\" height=\"175\" src=\"http:\/\/2.bp.blogspot.com\/-_LruSHZeBHg\/UFG_P2gXxWI\/AAAAAAAAAo4\/ass8NzZ0_7Q\/s400\/Imagem3.jpg\" width=\"400\" \/><\/a><\/div>\n<p><\/p>\n<div style=\"clear: both; text-align: center;\"><a href=\"http:\/\/2.bp.blogspot.com\/-izdzWL1UxfM\/UFG_SjxONBI\/AAAAAAAAApA\/fFYf_y_flZw\/s1600\/Imagem4.png\" style=\"margin-left: 1em; margin-right: 1em;\" target=\"_blank\" rel=\"noopener\"><img loading=\"lazy\" decoding=\"async\" border=\"0\" height=\"170\" src=\"http:\/\/2.bp.blogspot.com\/-izdzWL1UxfM\/UFG_SjxONBI\/AAAAAAAAApA\/fFYf_y_flZw\/s400\/Imagem4.png\" width=\"400\" \/><\/a><\/div>\n<div style=\"clear: both; text-align: center;\">&nbsp;<\/div>\n<div style=\"clear: both; text-align: justify;\">Apesar de n\u00e3o ser significativa, existe alguma diferen\u00e7a entre os n\u00facleos e as colmeias. A h\u00famidade relativa \u00e9 mais est\u00e1vel e elevada nos n\u00facleos, contudo a temperatura atinge picos mais baixos nos n\u00facleos.\ufeff<\/div>\n<p><\/p>\n<div style=\"clear: both; text-align: center;\"><a href=\"http:\/\/3.bp.blogspot.com\/-n7dhSWMugkw\/UFG_UhkpWNI\/AAAAAAAAApI\/ZtGDfAMkAKY\/s1600\/Imagem6.jpg\" style=\"margin-left: 1em; margin-right: 1em;\" target=\"_blank\" rel=\"noopener\"><img loading=\"lazy\" decoding=\"async\" border=\"0\" height=\"172\" src=\"http:\/\/3.bp.blogspot.com\/-n7dhSWMugkw\/UFG_UhkpWNI\/AAAAAAAAApI\/ZtGDfAMkAKY\/s400\/Imagem6.jpg\" width=\"400\" \/><\/a><\/div>\n<p><\/p>\n<div style=\"clear: both; text-align: center;\"><a href=\"http:\/\/3.bp.blogspot.com\/-WTpAPI8U_cM\/UFG_Waz7AfI\/AAAAAAAAApQ\/OrlqaabPHxc\/s1600\/Imagem7.jpg\" style=\"margin-left: 1em; margin-right: 1em;\" target=\"_blank\" rel=\"noopener\"><img loading=\"lazy\" decoding=\"async\" border=\"0\" height=\"168\" src=\"http:\/\/3.bp.blogspot.com\/-WTpAPI8U_cM\/UFG_Waz7AfI\/AAAAAAAAApQ\/OrlqaabPHxc\/s400\/Imagem7.jpg\" width=\"400\" \/><\/a><\/div>\n<div style=\"clear: both; text-align: center;\">&nbsp;<\/div>\n<div style=\"clear: both; text-align: justify;\">Seria interessante poder vir a usar esta informa\u00e7\u00e3o no maneio das colmeias, principalmente durante o periodo de inverno. Para j\u00e1 resta-nos tentar aprender e rentabilizar ao m\u00e1ximo esta tecnologia.<\/div>\n<div style=\"clear: both; text-align: justify;\">&nbsp;<\/div>\n<div style=\"clear: both; text-align: justify;\">Cumprimentos,<\/div>\n<div style=\"clear: both; text-align: justify;\">&nbsp;<\/div>\n<div style=\"clear: both; text-align: justify;\">Jo\u00e3o Tom\u00e9<\/div>\n<div style=\"clear: both; text-align: justify;\"><strong><em>&#8230;um apicultor, pela apicultura&#8230;<\/em><\/strong>\ufeff<\/div>\n<p><\/p>\n","protected":false},"excerpt":{"rendered":"<p>\ufeff J\u00e1 iniciamos a monitoriza\u00e7\u00e3o de algumas colmeias e n\u00facleos com os quadros beetracker. Para j\u00e1 est\u00e1 a ser bastante interessante acompanhar a temperatura e humidade relativa no seu interior e comparar entre n\u00facleos e&nbsp;colmeias com e sem al\u00e7a.\ufeff &nbsp; &nbsp; Apesar de n\u00e3o ser significativa, existe alguma diferen\u00e7a entre os n\u00facleos e as colmeias. [&hellip;]<\/p>\n","protected":false},"author":1,"featured_media":0,"comment_status":"closed","ping_status":"closed","sticky":false,"template":"","format":"standard","meta":{"inline_featured_image":false,"_joinchat":[],"footnotes":""},"categories":[1],"tags":[],"class_list":["post-1005916","post","type-post","status-publish","format-standard","hentry","category-uncategorized"],"_links":{"self":[{"href":"https:\/\/valedorosmaninho.com\/es\/wp-json\/wp\/v2\/posts\/1005916","targetHints":{"allow":["GET"]}}],"collection":[{"href":"https:\/\/valedorosmaninho.com\/es\/wp-json\/wp\/v2\/posts"}],"about":[{"href":"https:\/\/valedorosmaninho.com\/es\/wp-json\/wp\/v2\/types\/post"}],"author":[{"embeddable":true,"href":"https:\/\/valedorosmaninho.com\/es\/wp-json\/wp\/v2\/users\/1"}],"replies":[{"embeddable":true,"href":"https:\/\/valedorosmaninho.com\/es\/wp-json\/wp\/v2\/comments?post=1005916"}],"version-history":[{"count":0,"href":"https:\/\/valedorosmaninho.com\/es\/wp-json\/wp\/v2\/posts\/1005916\/revisions"}],"wp:attachment":[{"href":"https:\/\/valedorosmaninho.com\/es\/wp-json\/wp\/v2\/media?parent=1005916"}],"wp:term":[{"taxonomy":"category","embeddable":true,"href":"https:\/\/valedorosmaninho.com\/es\/wp-json\/wp\/v2\/categories?post=1005916"},{"taxonomy":"post_tag","embeddable":true,"href":"https:\/\/valedorosmaninho.com\/es\/wp-json\/wp\/v2\/tags?post=1005916"}],"curies":[{"name":"wp","href":"https:\/\/api.w.org\/{rel}","templated":true}]}}