{"id":1005920,"date":"2012-06-07T08:45:00","date_gmt":"2012-06-07T08:45:00","guid":{"rendered":"https:\/\/www.valedorosmaninho.com\/um-sonho-tornado-realidade\/"},"modified":"2012-06-07T08:45:00","modified_gmt":"2012-06-07T08:45:00","slug":"um-sonho-tornado-realidade","status":"publish","type":"post","link":"https:\/\/valedorosmaninho.com\/es\/um-sonho-tornado-realidade\/","title":{"rendered":"Um sonho tornado realidade&#8230;"},"content":{"rendered":"<div style=\"text-align: justify;\">\u00c9 com enorme satisfa\u00e7\u00e3o que revelamos o nosso laborat\u00f3rio de insemina\u00e7\u00e3o artificial. Ainda n\u00e3o est\u00e1 completo, contudo j\u00e1 disp\u00f5e de todos os equipamentos necess\u00e1rios.<\/div>\n<div style=\"text-align: justify;\">Conforme j\u00e1 t\u00ednhamos referido, o objectivo que pretendemos alcan\u00e7ar ser\u00e1 a selec\u00e7\u00e3o de material gen\u00e9tico de qualidade, tanto da nossa abelha ib\u00e9rica, como de outras ra\u00e7as.<\/div>\n<div style=\"text-align: justify;\">Uma vez que poderemos cruzar as nossas colmeias mais produtivas e com melhores caracteristicas, umas com as outras, permite-nos fazer um tipo de selec\u00e7\u00e3o que seria praticamente imposs\u00edvel com fecunda\u00e7\u00f5es livres.<\/div>\n<div style=\"text-align: justify;\">Este aparelho de insemina\u00e7\u00e3o tamb\u00e9m nos ir\u00e1 permitir manter outras ra\u00e7as em estado puro ou mesmo produzir tri-h\u00edbridos.<\/div>\n<table align=\"center\" cellpadding=\"0\" cellspacing=\"0\" style=\"margin-left: auto; margin-right: auto; text-align: center;\">\n<tbody>\n<tr>\n<td style=\"text-align: center;\"><a href=\"http:\/\/4.bp.blogspot.com\/-cGox9cpnG5Q\/T9BpZ8aAyCI\/AAAAAAAAAek\/Lvbkgfg80SM\/s1600\/07062012857.jpg\" style=\"margin-left: auto; margin-right: auto;\" target=\"_blank\" rel=\"noopener\"><img loading=\"lazy\" decoding=\"async\" border=\"0\" height=\"300\" src=\"http:\/\/4.bp.blogspot.com\/-cGox9cpnG5Q\/T9BpZ8aAyCI\/AAAAAAAAAek\/Lvbkgfg80SM\/s400\/07062012857.jpg\" width=\"400\" \/><\/a><\/td>\n<\/tr>\n<tr>\n<td style=\"text-align: center;\">&#8211; Laborat\u00f3rio de Insemina\u00e7\u00e3o artificial &#8220;Vale do Rosmaninho&#8221; &#8211;<\/td>\n<\/tr>\n<\/tbody>\n<\/table>\n<div style=\"text-align: justify;\">Para j\u00e1 temos que dar um passo de cada vez, aprender com os erros, restando-nos praticar bastante e tentar inseminar o m\u00e1ximo de ra\u00ednhas poss\u00edvel durante este ano, para que atinjamos&nbsp;um n\u00edvel de seguran\u00e7a e experi\u00eancia suficiente para iniciarmos em 2013 um programa de selec\u00e7\u00e3o de abelhas ra\u00ednhas s\u00e9rio, com p\u00e9s e cabe\u00e7a.<\/div>\n<p>Cumprimentos,<\/p>\n<p>Jo\u00e3o Tom\u00e9<br \/><strong><em>&#8230;um apicultor, pela apicultura&#8230;<\/em><\/strong><\/p>\n","protected":false},"excerpt":{"rendered":"<p>\u00c9 com enorme satisfa\u00e7\u00e3o que revelamos o nosso laborat\u00f3rio de insemina\u00e7\u00e3o artificial. Ainda n\u00e3o est\u00e1 completo, contudo j\u00e1 disp\u00f5e de todos os equipamentos necess\u00e1rios. Conforme j\u00e1 t\u00ednhamos referido, o objectivo que pretendemos alcan\u00e7ar ser\u00e1 a selec\u00e7\u00e3o de material gen\u00e9tico de qualidade, tanto da nossa abelha ib\u00e9rica, como de outras ra\u00e7as. Uma vez que poderemos cruzar [&hellip;]<\/p>\n","protected":false},"author":1,"featured_media":0,"comment_status":"closed","ping_status":"closed","sticky":false,"template":"","format":"standard","meta":{"inline_featured_image":false,"_joinchat":[],"footnotes":""},"categories":[1],"tags":[],"class_list":["post-1005920","post","type-post","status-publish","format-standard","hentry","category-uncategorized"],"_links":{"self":[{"href":"https:\/\/valedorosmaninho.com\/es\/wp-json\/wp\/v2\/posts\/1005920","targetHints":{"allow":["GET"]}}],"collection":[{"href":"https:\/\/valedorosmaninho.com\/es\/wp-json\/wp\/v2\/posts"}],"about":[{"href":"https:\/\/valedorosmaninho.com\/es\/wp-json\/wp\/v2\/types\/post"}],"author":[{"embeddable":true,"href":"https:\/\/valedorosmaninho.com\/es\/wp-json\/wp\/v2\/users\/1"}],"replies":[{"embeddable":true,"href":"https:\/\/valedorosmaninho.com\/es\/wp-json\/wp\/v2\/comments?post=1005920"}],"version-history":[{"count":0,"href":"https:\/\/valedorosmaninho.com\/es\/wp-json\/wp\/v2\/posts\/1005920\/revisions"}],"wp:attachment":[{"href":"https:\/\/valedorosmaninho.com\/es\/wp-json\/wp\/v2\/media?parent=1005920"}],"wp:term":[{"taxonomy":"category","embeddable":true,"href":"https:\/\/valedorosmaninho.com\/es\/wp-json\/wp\/v2\/categories?post=1005920"},{"taxonomy":"post_tag","embeddable":true,"href":"https:\/\/valedorosmaninho.com\/es\/wp-json\/wp\/v2\/tags?post=1005920"}],"curies":[{"name":"wp","href":"https:\/\/api.w.org\/{rel}","templated":true}]}}