{"id":1005933,"date":"2011-11-08T15:41:00","date_gmt":"2011-11-08T15:41:00","guid":{"rendered":"https:\/\/www.valedorosmaninho.com\/modo-de-producao-biologica\/"},"modified":"2011-11-08T15:41:00","modified_gmt":"2011-11-08T15:41:00","slug":"modo-de-producao-biologica","status":"publish","type":"post","link":"https:\/\/valedorosmaninho.com\/es\/modo-de-producao-biologica\/","title":{"rendered":"&#8220;Modo de Produ\u00e7\u00e3o Biol\u00f3gica&#8221;"},"content":{"rendered":"<div style=\"border-bottom: medium none; border-left: medium none; border-right: medium none; border-top: medium none; clear: both; text-align: left;\">Este ano iniciamos a convers\u00e3o das nossas colmeias para modo de produ\u00e7\u00e3o Biol\u00f3gica (MPB).<\/div>\n<div style=\"border-bottom: medium none; border-left: medium none; border-right: medium none; border-top: medium none; clear: both; text-align: left;\"><\/div>\n<div style=\"border-bottom: medium none; border-left: medium none; border-right: medium none; border-top: medium none; clear: both; text-align: justify;\"><a href=\"http:\/\/3.bp.blogspot.com\/-KXkbw6i80bw\/TrlLnJAc_NI\/AAAAAAAAATA\/8zsYmJJYmJ0\/s1600\/EU_Organic_Logo_Colour_OuterLine_rgb.jpg\" style=\"cssfloat: left; margin-left: 1em; margin-right: 1em;\" target=\"_blank\" rel=\"noopener\"><img decoding=\"async\" border=\"0\" height=\"213px\" ida=\"true\" src=\"http:\/\/3.bp.blogspot.com\/-KXkbw6i80bw\/TrlLnJAc_NI\/AAAAAAAAATA\/8zsYmJJYmJ0\/s320\/EU_Organic_Logo_Colour_OuterLine_rgb.jpg\" width=\"320px\" \/><\/a><\/div>\n<div style=\"border-bottom: medium none; border-left: medium none; border-right: medium none; border-top: medium none; clear: both; text-align: justify;\">O objectivo principal visa valorizar os nossos produtos, pela diferencia\u00e7\u00e3o dos mesmos. Podemos dizer que o manuseamento efectuado \u00faltimamente, j\u00e1 respeitava as&nbsp;regras impostas para a atribui\u00e7\u00e3o deste tipo de certifica\u00e7\u00e3o, contudo, achamos que teriamos que dar este passo, mostrando transpar\u00eancia e confian\u00e7a aos nossos clientes.<\/div>\n","protected":false},"excerpt":{"rendered":"<p>Este ano iniciamos a convers\u00e3o das nossas colmeias para modo de produ\u00e7\u00e3o Biol\u00f3gica (MPB). O objectivo principal visa valorizar os nossos produtos, pela diferencia\u00e7\u00e3o dos mesmos. Podemos dizer que o manuseamento efectuado \u00faltimamente, j\u00e1 respeitava as&nbsp;regras impostas para a atribui\u00e7\u00e3o deste tipo de certifica\u00e7\u00e3o, contudo, achamos que teriamos que dar este passo, mostrando transpar\u00eancia e [&hellip;]<\/p>\n","protected":false},"author":1,"featured_media":0,"comment_status":"closed","ping_status":"closed","sticky":false,"template":"","format":"standard","meta":{"inline_featured_image":false,"_joinchat":[],"footnotes":""},"categories":[1],"tags":[],"class_list":["post-1005933","post","type-post","status-publish","format-standard","hentry","category-uncategorized"],"_links":{"self":[{"href":"https:\/\/valedorosmaninho.com\/es\/wp-json\/wp\/v2\/posts\/1005933","targetHints":{"allow":["GET"]}}],"collection":[{"href":"https:\/\/valedorosmaninho.com\/es\/wp-json\/wp\/v2\/posts"}],"about":[{"href":"https:\/\/valedorosmaninho.com\/es\/wp-json\/wp\/v2\/types\/post"}],"author":[{"embeddable":true,"href":"https:\/\/valedorosmaninho.com\/es\/wp-json\/wp\/v2\/users\/1"}],"replies":[{"embeddable":true,"href":"https:\/\/valedorosmaninho.com\/es\/wp-json\/wp\/v2\/comments?post=1005933"}],"version-history":[{"count":0,"href":"https:\/\/valedorosmaninho.com\/es\/wp-json\/wp\/v2\/posts\/1005933\/revisions"}],"wp:attachment":[{"href":"https:\/\/valedorosmaninho.com\/es\/wp-json\/wp\/v2\/media?parent=1005933"}],"wp:term":[{"taxonomy":"category","embeddable":true,"href":"https:\/\/valedorosmaninho.com\/es\/wp-json\/wp\/v2\/categories?post=1005933"},{"taxonomy":"post_tag","embeddable":true,"href":"https:\/\/valedorosmaninho.com\/es\/wp-json\/wp\/v2\/tags?post=1005933"}],"curies":[{"name":"wp","href":"https:\/\/api.w.org\/{rel}","templated":true}]}}