{"id":1005944,"date":"2009-06-02T21:42:00","date_gmt":"2009-06-02T21:42:00","guid":{"rendered":"https:\/\/www.valedorosmaninho.com\/invasao-de-apiarios-espanhois\/"},"modified":"2009-06-02T21:42:00","modified_gmt":"2009-06-02T21:42:00","slug":"invasao-de-apiarios-espanhois","status":"publish","type":"post","link":"https:\/\/valedorosmaninho.com\/es\/invasao-de-apiarios-espanhois\/","title":{"rendered":"Invas\u00e3o de Api\u00e1rios Espanhois!!!"},"content":{"rendered":"<p>Para infelicidade da apicultura portuguesa, vamos ter de aprender a viver com este problema&#8230; a n\u00e3o ser que este governo crie medidas e incentivos apelativos ao investimento e regras mais rigidas \u00e0 entrada de api\u00e1rios espanhois!<\/p>\n<p>Vale a pena ler:<br \/><a href=\"http:\/\/www.gazetadointerior.pt\/seccoes\/index.asp?idn=8625\" target=\"_blank\" rel=\"noopener\">http:\/\/www.gazetadointerior.pt\/seccoes\/index.asp?idn=8625<\/a>#<\/p>\n<p>Como se n\u00e3o basta-se o meu irm\u00e3o numa recentemente propriedade alugada deparou-se com 60 colmeias espanholas no terreno, sem a minima autoriza\u00e7\u00e3o!<br \/>Isto n\u00e3o \u00e9 invas\u00e3o Sr. Ministro da Agricultura???<br \/>J\u00e1 vai sendo tempo de um pouco mais de respeito pelos apicultores portugueses!!!<\/p>\n","protected":false},"excerpt":{"rendered":"<p>Para infelicidade da apicultura portuguesa, vamos ter de aprender a viver com este problema&#8230; a n\u00e3o ser que este governo crie medidas e incentivos apelativos ao investimento e regras mais rigidas \u00e0 entrada de api\u00e1rios espanhois! Vale a pena ler:http:\/\/www.gazetadointerior.pt\/seccoes\/index.asp?idn=8625# Como se n\u00e3o basta-se o meu irm\u00e3o numa recentemente propriedade alugada deparou-se com 60 colmeias [&hellip;]<\/p>\n","protected":false},"author":1,"featured_media":0,"comment_status":"closed","ping_status":"closed","sticky":false,"template":"","format":"standard","meta":{"inline_featured_image":false,"_joinchat":[],"footnotes":""},"categories":[1],"tags":[],"class_list":["post-1005944","post","type-post","status-publish","format-standard","hentry","category-uncategorized"],"_links":{"self":[{"href":"https:\/\/valedorosmaninho.com\/es\/wp-json\/wp\/v2\/posts\/1005944","targetHints":{"allow":["GET"]}}],"collection":[{"href":"https:\/\/valedorosmaninho.com\/es\/wp-json\/wp\/v2\/posts"}],"about":[{"href":"https:\/\/valedorosmaninho.com\/es\/wp-json\/wp\/v2\/types\/post"}],"author":[{"embeddable":true,"href":"https:\/\/valedorosmaninho.com\/es\/wp-json\/wp\/v2\/users\/1"}],"replies":[{"embeddable":true,"href":"https:\/\/valedorosmaninho.com\/es\/wp-json\/wp\/v2\/comments?post=1005944"}],"version-history":[{"count":0,"href":"https:\/\/valedorosmaninho.com\/es\/wp-json\/wp\/v2\/posts\/1005944\/revisions"}],"wp:attachment":[{"href":"https:\/\/valedorosmaninho.com\/es\/wp-json\/wp\/v2\/media?parent=1005944"}],"wp:term":[{"taxonomy":"category","embeddable":true,"href":"https:\/\/valedorosmaninho.com\/es\/wp-json\/wp\/v2\/categories?post=1005944"},{"taxonomy":"post_tag","embeddable":true,"href":"https:\/\/valedorosmaninho.com\/es\/wp-json\/wp\/v2\/tags?post=1005944"}],"curies":[{"name":"wp","href":"https:\/\/api.w.org\/{rel}","templated":true}]}}